{"id":24068,"date":"2023-03-22T13:02:29","date_gmt":"2023-03-22T12:02:29","guid":{"rendered":"https:\/\/agora.xtec.cat\/escola-elsestanys\/?p=24068"},"modified":"2023-03-22T13:02:29","modified_gmt":"2023-03-22T12:02:29","slug":"descobrim-obres-dart-urba-a-ci","status":"publish","type":"post","link":"https:\/\/agora.xtec.cat\/escola-elsestanys\/general\/descobrim-obres-dart-urba-a-ci\/","title":{"rendered":"Descobrim obres d&#8217;art urb\u00e0 a CI"},"content":{"rendered":"<p>L&#8217;alumnat de 1r i 2n continuem treballant l&#8217;art urb\u00e0 a trav\u00e9s de diferents activitats. Ahir vam elaborar els trencaclosques que vam trobar pel municipi a la sortida del dia anterior. Vam descobrir que s&#8217;amagaven quatre obres d&#8217;art urb\u00e0 i vam cercar informaci\u00f3 sobre elles en grups cooperatius. Despr\u00e9s ho vam explicar als companys i companyes.<\/p>\n<p><a href=\"https:\/\/photos.app.goo.gl\/tuWQk65xSV7px9mSA\" target=\"_blank\" rel=\"noopener\"><img loading=\"lazy\" decoding=\"async\" class=\"alignnone \" src=\"https:\/\/lh3.googleusercontent.com\/_NlPJGgdMsbhGLy9EY1sV4TZiobdAtHBfVYGLT9iJ0VV-natpG9d7TqEUx2Y8yaHuw63raLCeCB5H94g3fPllbAQd-Y57PKqvVnKcLoGVPGlpMldPMIgWP7C3qjxdFQNV2FXk7vm72o7mQ-gYCYTrTyrbM7er0zcDyTEY1X52R6BqghSIW_Xukkd8mlXFJUv1vfBbYgsCkVwIChMO44N_iYawc3IGsykAPgXZ3UQCtaMk7QT8dT2G0CFEu2F3r4II_bcUEih7JP7RucKjd1BEYf-QpqaQe0AK58UowOk_etiIlZUxFqqHNakvcXm9yhiWLvk5QO6wpUKDwM82Z2RsxpYHD5wqFZedyqNvp0g7Ybez40eDNSsrnmha70LwKLxMjGzKOKUz5d-pBc0XrdDKKZhe5GtHKewlyAIQZFos8ugCmdKmXVaR_U2rLX5bDnNyDlgkMpRHtFCcZRzRG8bKerWKy7VP0CdKlg9fEW57AYm3gJZSzZqncd0MXkWQnOz8GUK6VoL5gFzGuwqBtLA_m-jdDGD22VmkBBP8fX_dDI8lk_tpZojvNBc5TZNoUgyYAkjKLBB-zxy7usHjdLqRxghCbMsdWDsgYmZq6YTqajgEkg_ABvApuuZJ3h0Re5U9w5-mShXkRFrGl4btCix5oxvnXL1k2-ZuaF036U5JQtaMc_SsuNtcnc1A1pvsugwJwBCkIugQ-EzDCyN5D-0vgtS0OGdxUOPaa3zziVggOLdO8u3rzCSc48F4jNIuvdHYmXeoH3JCQxdBuG0tUO9UkrcZTYhB8x4X5H0M1yCYqjK2q0BFe-DAZpmbTlhnUAKBCiCnBrlM8c2fbtdkcOgBTT2bukrfCvuzB_raA7Dgi3M1cUwRxtFCzAyba0yp8TqMSaJVu2lKiCMRFquhpVg2Cjhd-qPgfc-FPiMDj637WKurla1=w1218-h914-s-no?authuser=0\" width=\"640\" height=\"480\" \/><\/a><\/p>\n","protected":false},"excerpt":{"rendered":"<p>L&#8217;alumnat de 1r i 2n continuem treballant l&#8217;art urb\u00e0 a trav\u00e9s de diferents activitats. Ahir vam elaborar els trencaclosques que vam trobar pel municipi a la sortida del dia anterior. Vam descobrir que s&#8217;amagaven quatre obres d&#8217;art urb\u00e0 i vam cercar informaci\u00f3 sobre elles en grups cooperatius. Despr\u00e9s ho vam explicar als companys i companyes.<\/p>\n","protected":false},"author":123,"featured_media":0,"comment_status":"open","ping_status":"closed","sticky":false,"template":"","format":"standard","meta":{"_bbp_topic_count":0,"_bbp_reply_count":0,"_bbp_total_topic_count":0,"_bbp_total_reply_count":0,"_bbp_voice_count":0,"_bbp_anonymous_reply_count":0,"_bbp_topic_count_hidden":0,"_bbp_reply_count_hidden":0,"_bbp_forum_subforum_count":0,"site-sidebar-layout":"default","site-content-layout":"","ast-site-content-layout":"","site-content-style":"default","site-sidebar-style":"default","ast-global-header-display":"","ast-banner-title-visibility":"","ast-main-header-display":"","ast-hfb-above-header-display":"","ast-hfb-below-header-display":"","ast-hfb-mobile-header-display":"","site-post-title":"","ast-breadcrumbs-content":"","ast-featured-img":"","footer-sml-layout":"","theme-transparent-header-meta":"","adv-header-id-meta":"","stick-header-meta":"","header-above-stick-meta":"","header-main-stick-meta":"","header-below-stick-meta":"","astra-migrate-meta-layouts":"default","ast-page-background-enabled":"default","ast-page-background-meta":{"desktop":{"background-color":"var(--ast-global-color-4)","background-image":"","background-repeat":"repeat","background-position":"center center","background-size":"auto","background-attachment":"scroll","background-type":"","background-media":"","overlay-type":"","overlay-color":"","overlay-opacity":"","overlay-gradient":""},"tablet":{"background-color":"","background-image":"","background-repeat":"repeat","background-position":"center center","background-size":"auto","background-attachment":"scroll","background-type":"","background-media":"","overlay-type":"","overlay-color":"","overlay-opacity":"","overlay-gradient":""},"mobile":{"background-color":"","background-image":"","background-repeat":"repeat","background-position":"center center","background-size":"auto","background-attachment":"scroll","background-type":"","background-media":"","overlay-type":"","overlay-color":"","overlay-opacity":"","overlay-gradient":""}},"ast-content-background-meta":{"desktop":{"background-color":"var(--ast-global-color-5)","background-image":"","background-repeat":"repeat","background-position":"center center","background-size":"auto","background-attachment":"scroll","background-type":"","background-media":"","overlay-type":"","overlay-color":"","overlay-opacity":"","overlay-gradient":""},"tablet":{"background-color":"var(--ast-global-color-5)","background-image":"","background-repeat":"repeat","background-position":"center center","background-size":"auto","background-attachment":"scroll","background-type":"","background-media":"","overlay-type":"","overlay-color":"","overlay-opacity":"","overlay-gradient":""},"mobile":{"background-color":"var(--ast-global-color-5)","background-image":"","background-repeat":"repeat","background-position":"center center","background-size":"auto","background-attachment":"scroll","background-type":"","background-media":"","overlay-type":"","overlay-color":"","overlay-opacity":"","overlay-gradient":""}},"footnotes":""},"categories":[10,11,673,1,24,4,5],"tags":[913,912],"class_list":["post-24068","post","type-post","status-publish","format-standard","hentry","category-1r","category-2n","category-ci","category-general","category-periodistes","category-portada","category-primaria","tag-arturba","tag-projecteinterdisciplinaremprenedor"],"post_mailing_queue_ids":[],"_links":{"self":[{"href":"https:\/\/agora.xtec.cat\/escola-elsestanys\/wp-json\/wp\/v2\/posts\/24068","targetHints":{"allow":["GET"]}}],"collection":[{"href":"https:\/\/agora.xtec.cat\/escola-elsestanys\/wp-json\/wp\/v2\/posts"}],"about":[{"href":"https:\/\/agora.xtec.cat\/escola-elsestanys\/wp-json\/wp\/v2\/types\/post"}],"author":[{"embeddable":true,"href":"https:\/\/agora.xtec.cat\/escola-elsestanys\/wp-json\/wp\/v2\/users\/123"}],"replies":[{"embeddable":true,"href":"https:\/\/agora.xtec.cat\/escola-elsestanys\/wp-json\/wp\/v2\/comments?post=24068"}],"version-history":[{"count":1,"href":"https:\/\/agora.xtec.cat\/escola-elsestanys\/wp-json\/wp\/v2\/posts\/24068\/revisions"}],"predecessor-version":[{"id":24069,"href":"https:\/\/agora.xtec.cat\/escola-elsestanys\/wp-json\/wp\/v2\/posts\/24068\/revisions\/24069"}],"wp:attachment":[{"href":"https:\/\/agora.xtec.cat\/escola-elsestanys\/wp-json\/wp\/v2\/media?parent=24068"}],"wp:term":[{"taxonomy":"category","embeddable":true,"href":"https:\/\/agora.xtec.cat\/escola-elsestanys\/wp-json\/wp\/v2\/categories?post=24068"},{"taxonomy":"post_tag","embeddable":true,"href":"https:\/\/agora.xtec.cat\/escola-elsestanys\/wp-json\/wp\/v2\/tags?post=24068"}],"curies":[{"name":"wp","href":"https:\/\/api.w.org\/{rel}","templated":true}]}}