{"id":24055,"date":"2023-03-22T08:35:15","date_gmt":"2023-03-22T07:35:15","guid":{"rendered":"https:\/\/agora.xtec.cat\/escola-elsestanys\/?p=24055"},"modified":"2023-03-22T08:35:15","modified_gmt":"2023-03-22T07:35:15","slug":"art-urba-365-taller-de-tag-i-grafitti","status":"publish","type":"post","link":"https:\/\/agora.xtec.cat\/escola-elsestanys\/general\/art-urba-365-taller-de-tag-i-grafitti\/","title":{"rendered":"Art Urb\u00e0 365- Taller de TAG i GRAFITTI"},"content":{"rendered":"<p>Ahir els alumnes de cicle mitj\u00e0 van fer un taller de tag i grafitti a c\u00e0rrec d&#8217;en Norbert i en Gerard que formen part del projecte HEAL HOP, promovent la pedagogia i l&#8217;educaci\u00f3 a trav\u00e9s del hip-hop, el rap i els murals.<\/p>\n<p>Els alumnes van aprendre a crear el seu propi tag i van participar en l&#8217;elaboraci\u00f3 d&#8217;un grafitti col\u00b7lectiu. Van pintar i utilitzar esprais per representar formes abstractes i imperfectes utilitzant la imaginaci\u00f3 i la creativitat.<\/p>\n<p>Va ser un gran aprenentatge del m\u00f3n de l&#8217;expressi\u00f3 art\u00edstica.<\/p>\n<p><a href=\"https:\/\/photos.app.goo.gl\/1ATXLhzyUaVrLLQNA\" target=\"_blank\" rel=\"noopener\"><img loading=\"lazy\" decoding=\"async\" class=\"alignnone\" src=\"https:\/\/lh3.googleusercontent.com\/ANZvLMFZEmx3vxs5fc7lS7l18qZ40DZC5CbB7RWXhQqiPOkHknFCNa8GwIIgJpchLTztyeURfezNb1Qq_8PYQBxzBfr6gqVaU7iONqZr6occdRFQ93quHx9PXta8-5z8qCkhECk4BCTKccMZf-uHdyZiUWWX-S4B_PIknFhLjbtBfM5xgofS-Ap5kieYNEv3tDxZy32b18UI_eKT9H1gsgB4FR6JRDNmSLyjDpoFR2-WJWjfU4A-iWJCJIKKKMJd5kdXLFIdKL7gEBcJSTbDQ4sA34XJxMX_abp6tLHCp8m0Lbrwx-txAvlo6Y-jtGp8eTXz6v11ikkpeYcT8vyF4HjbUxrN-53_MYQ5nupLWFK1QtMqpD6XnNgMX_oB02bE2JUBUbppJ9ypNTFai4nl5ONgkTthAfG-rDRRbLgNex-tEBd54Mipdy1G7S91nyQs1zsNofTCJqMNHT-HyMFZMvxr3hkMP1-lndMZT6lif5GnNsOR3jiazJ7JT3aMJDlL2QJyc4c30uKCYNXDlswy2-LhRoVojutYDmH7BRBCBSfYgakvyNGP-w6Ept1_S4l2YhGDk_e2RxMPYRb9eD1tgW7mLnLd_3uFC6ARD3WZgiMI5X1Dr1We2EV7FhEUIrNyA8jIfTo_5su7bBZsokotwEJt3_0MMHEcTeg8CFzi1ibb7pyC3y8B9OfAlhAgkMAtoFa-d6I-j4wAJNwwMdxNeC-_vYB-Iw2fT__ZTQGtd2xKHITNSsLzJMkn5rZWvXCf8wkkBdqjdxlMo-vLQvnyw-QT2uO_-MNskl8f3PHqbxSEo4gewSrCnSWrzBhNXVJ5DZerIXj1mcvt1reiFSamnDIlqV5jAghu1f3v99TfqoyU3TWPt3K2p3HmC25v3cYUP5OeZyNcV2ssmO9iizpi30eDcmFtr0qfIdONjeSa0SpY=w1292-h969-s-no?authuser=0\" alt=\"\" width=\"640\" height=\"480\" \/><\/a><\/p>\n","protected":false},"excerpt":{"rendered":"<p>Ahir els alumnes de cicle mitj\u00e0 van fer un taller de tag i grafitti a c\u00e0rrec d&#8217;en Norbert i en Gerard que formen part del projecte HEAL HOP, promovent la pedagogia i l&#8217;educaci\u00f3 a trav\u00e9s del hip-hop, el rap i els murals. Els alumnes van aprendre a crear el seu propi tag i van participar [&hellip;]<\/p>\n","protected":false},"author":14,"featured_media":0,"comment_status":"open","ping_status":"closed","sticky":false,"template":"","format":"standard","meta":{"_bbp_topic_count":0,"_bbp_reply_count":0,"_bbp_total_topic_count":0,"_bbp_total_reply_count":0,"_bbp_voice_count":0,"_bbp_anonymous_reply_count":0,"_bbp_topic_count_hidden":0,"_bbp_reply_count_hidden":0,"_bbp_forum_subforum_count":0,"site-sidebar-layout":"default","site-content-layout":"","ast-site-content-layout":"","site-content-style":"default","site-sidebar-style":"default","ast-global-header-display":"","ast-banner-title-visibility":"","ast-main-header-display":"","ast-hfb-above-header-display":"","ast-hfb-below-header-display":"","ast-hfb-mobile-header-display":"","site-post-title":"","ast-breadcrumbs-content":"","ast-featured-img":"","footer-sml-layout":"","theme-transparent-header-meta":"","adv-header-id-meta":"","stick-header-meta":"","header-above-stick-meta":"","header-main-stick-meta":"","header-below-stick-meta":"","astra-migrate-meta-layouts":"default","ast-page-background-enabled":"default","ast-page-background-meta":{"desktop":{"background-color":"var(--ast-global-color-4)","background-image":"","background-repeat":"repeat","background-position":"center center","background-size":"auto","background-attachment":"scroll","background-type":"","background-media":"","overlay-type":"","overlay-color":"","overlay-opacity":"","overlay-gradient":""},"tablet":{"background-color":"","background-image":"","background-repeat":"repeat","background-position":"center center","background-size":"auto","background-attachment":"scroll","background-type":"","background-media":"","overlay-type":"","overlay-color":"","overlay-opacity":"","overlay-gradient":""},"mobile":{"background-color":"","background-image":"","background-repeat":"repeat","background-position":"center center","background-size":"auto","background-attachment":"scroll","background-type":"","background-media":"","overlay-type":"","overlay-color":"","overlay-opacity":"","overlay-gradient":""}},"ast-content-background-meta":{"desktop":{"background-color":"var(--ast-global-color-5)","background-image":"","background-repeat":"repeat","background-position":"center center","background-size":"auto","background-attachment":"scroll","background-type":"","background-media":"","overlay-type":"","overlay-color":"","overlay-opacity":"","overlay-gradient":""},"tablet":{"background-color":"var(--ast-global-color-5)","background-image":"","background-repeat":"repeat","background-position":"center center","background-size":"auto","background-attachment":"scroll","background-type":"","background-media":"","overlay-type":"","overlay-color":"","overlay-opacity":"","overlay-gradient":""},"mobile":{"background-color":"var(--ast-global-color-5)","background-image":"","background-repeat":"repeat","background-position":"center center","background-size":"auto","background-attachment":"scroll","background-type":"","background-media":"","overlay-type":"","overlay-color":"","overlay-opacity":"","overlay-gradient":""}},"footnotes":""},"categories":[12,13,676,1,4,5],"tags":[],"class_list":["post-24055","post","type-post","status-publish","format-standard","hentry","category-3r","category-4t","category-cm","category-general","category-portada","category-primaria"],"post_mailing_queue_ids":[],"_links":{"self":[{"href":"https:\/\/agora.xtec.cat\/escola-elsestanys\/wp-json\/wp\/v2\/posts\/24055","targetHints":{"allow":["GET"]}}],"collection":[{"href":"https:\/\/agora.xtec.cat\/escola-elsestanys\/wp-json\/wp\/v2\/posts"}],"about":[{"href":"https:\/\/agora.xtec.cat\/escola-elsestanys\/wp-json\/wp\/v2\/types\/post"}],"author":[{"embeddable":true,"href":"https:\/\/agora.xtec.cat\/escola-elsestanys\/wp-json\/wp\/v2\/users\/14"}],"replies":[{"embeddable":true,"href":"https:\/\/agora.xtec.cat\/escola-elsestanys\/wp-json\/wp\/v2\/comments?post=24055"}],"version-history":[{"count":1,"href":"https:\/\/agora.xtec.cat\/escola-elsestanys\/wp-json\/wp\/v2\/posts\/24055\/revisions"}],"predecessor-version":[{"id":24056,"href":"https:\/\/agora.xtec.cat\/escola-elsestanys\/wp-json\/wp\/v2\/posts\/24055\/revisions\/24056"}],"wp:attachment":[{"href":"https:\/\/agora.xtec.cat\/escola-elsestanys\/wp-json\/wp\/v2\/media?parent=24055"}],"wp:term":[{"taxonomy":"category","embeddable":true,"href":"https:\/\/agora.xtec.cat\/escola-elsestanys\/wp-json\/wp\/v2\/categories?post=24055"},{"taxonomy":"post_tag","embeddable":true,"href":"https:\/\/agora.xtec.cat\/escola-elsestanys\/wp-json\/wp\/v2\/tags?post=24055"}],"curies":[{"name":"wp","href":"https:\/\/api.w.org\/{rel}","templated":true}]}}