{"id":24037,"date":"2023-03-20T10:21:01","date_gmt":"2023-03-20T09:21:01","guid":{"rendered":"https:\/\/agora.xtec.cat\/escola-elsestanys\/?p=24037"},"modified":"2023-03-28T11:59:34","modified_gmt":"2023-03-28T09:59:34","slug":"certamen-de-lectura-en-veu-alta-6","status":"publish","type":"post","link":"https:\/\/agora.xtec.cat\/escola-elsestanys\/portada\/certamen-de-lectura-en-veu-alta-6\/","title":{"rendered":"CERTAMEN DE LECTURA EN VEU ALTA"},"content":{"rendered":"<p>L&#8217;escola va participar al Certamen de Lectura en Veu Alta que es va fer el passat divendres 17 de mar\u00e7 al teatre de Palafrugell.<\/p>\n<p>Dels grumets vermells el representant de l&#8217;escola va ser<strong> l&#8217;Elies Mart\u00ed,<\/strong> que va ser escollit com a representant del Baix Empord\u00e0 a la final de Girona. Dels grumets verds ens va representar en <strong>Gerard Jurca<\/strong> i dels timoners, la nostra representant va ser la <strong>Valentyna Rogova.\u00a0<\/strong>Felicitats a tots!!!!<\/p>\n<p><a href=\"https:\/\/photos.app.goo.gl\/ctfkpaDq176KMEoc8\" target=\"_blank\" rel=\"noopener\"><img loading=\"lazy\" decoding=\"async\" class=\"alignleft\" src=\"https:\/\/lh3.googleusercontent.com\/pw\/AMWts8CcB9eRs0SHDgqpnuP7qyHxyoLbxxn0YiLNoRsWESQ94_Rm5JGi4vkR2m8s3uz2IDbkHqFGnLhkTWaXW6Z942VHCdsMLPz9kDIp1W_vPPlxoncbl0uDpI9GG5yaXdhK0ssLO0u7udpW_ooHjet37zKz=w1173-h880-s-no?authuser=1\" alt=\"\" width=\"640\" height=\"480\" \/><\/a><\/p>\n","protected":false},"excerpt":{"rendered":"<p>L&#8217;escola va participar al Certamen de Lectura en Veu Alta que es va fer el passat divendres 17 de mar\u00e7 al teatre de Palafrugell. Dels grumets vermells el representant de l&#8217;escola va ser l&#8217;Elies Mart\u00ed, que va ser escollit com a representant del Baix Empord\u00e0 a la final de Girona. Dels grumets verds ens va [&hellip;]<\/p>\n","protected":false},"author":29,"featured_media":0,"comment_status":"open","ping_status":"closed","sticky":false,"template":"","format":"standard","meta":{"_bbp_topic_count":0,"_bbp_reply_count":0,"_bbp_total_topic_count":0,"_bbp_total_reply_count":0,"_bbp_voice_count":0,"_bbp_anonymous_reply_count":0,"_bbp_topic_count_hidden":0,"_bbp_reply_count_hidden":0,"_bbp_forum_subforum_count":0,"site-sidebar-layout":"default","site-content-layout":"","ast-site-content-layout":"","site-content-style":"default","site-sidebar-style":"default","ast-global-header-display":"","ast-banner-title-visibility":"","ast-main-header-display":"","ast-hfb-above-header-display":"","ast-hfb-below-header-display":"","ast-hfb-mobile-header-display":"","site-post-title":"","ast-breadcrumbs-content":"","ast-featured-img":"","footer-sml-layout":"","theme-transparent-header-meta":"","adv-header-id-meta":"","stick-header-meta":"","header-above-stick-meta":"","header-main-stick-meta":"","header-below-stick-meta":"","astra-migrate-meta-layouts":"default","ast-page-background-enabled":"default","ast-page-background-meta":{"desktop":{"background-color":"var(--ast-global-color-4)","background-image":"","background-repeat":"repeat","background-position":"center center","background-size":"auto","background-attachment":"scroll","background-type":"","background-media":"","overlay-type":"","overlay-color":"","overlay-opacity":"","overlay-gradient":""},"tablet":{"background-color":"","background-image":"","background-repeat":"repeat","background-position":"center center","background-size":"auto","background-attachment":"scroll","background-type":"","background-media":"","overlay-type":"","overlay-color":"","overlay-opacity":"","overlay-gradient":""},"mobile":{"background-color":"","background-image":"","background-repeat":"repeat","background-position":"center center","background-size":"auto","background-attachment":"scroll","background-type":"","background-media":"","overlay-type":"","overlay-color":"","overlay-opacity":"","overlay-gradient":""}},"ast-content-background-meta":{"desktop":{"background-color":"var(--ast-global-color-5)","background-image":"","background-repeat":"repeat","background-position":"center center","background-size":"auto","background-attachment":"scroll","background-type":"","background-media":"","overlay-type":"","overlay-color":"","overlay-opacity":"","overlay-gradient":""},"tablet":{"background-color":"var(--ast-global-color-5)","background-image":"","background-repeat":"repeat","background-position":"center center","background-size":"auto","background-attachment":"scroll","background-type":"","background-media":"","overlay-type":"","overlay-color":"","overlay-opacity":"","overlay-gradient":""},"mobile":{"background-color":"var(--ast-global-color-5)","background-image":"","background-repeat":"repeat","background-position":"center center","background-size":"auto","background-attachment":"scroll","background-type":"","background-media":"","overlay-type":"","overlay-color":"","overlay-opacity":"","overlay-gradient":""}},"footnotes":""},"categories":[676,677,4,5],"tags":[407,655,209],"class_list":["post-24037","post","type-post","status-publish","format-standard","hentry","category-cm","category-cs","category-portada","category-primaria","tag-certamen-de-lectura-en-veu-alta","tag-concursos","tag-lectura"],"post_mailing_queue_ids":[],"_links":{"self":[{"href":"https:\/\/agora.xtec.cat\/escola-elsestanys\/wp-json\/wp\/v2\/posts\/24037","targetHints":{"allow":["GET"]}}],"collection":[{"href":"https:\/\/agora.xtec.cat\/escola-elsestanys\/wp-json\/wp\/v2\/posts"}],"about":[{"href":"https:\/\/agora.xtec.cat\/escola-elsestanys\/wp-json\/wp\/v2\/types\/post"}],"author":[{"embeddable":true,"href":"https:\/\/agora.xtec.cat\/escola-elsestanys\/wp-json\/wp\/v2\/users\/29"}],"replies":[{"embeddable":true,"href":"https:\/\/agora.xtec.cat\/escola-elsestanys\/wp-json\/wp\/v2\/comments?post=24037"}],"version-history":[{"count":2,"href":"https:\/\/agora.xtec.cat\/escola-elsestanys\/wp-json\/wp\/v2\/posts\/24037\/revisions"}],"predecessor-version":[{"id":24100,"href":"https:\/\/agora.xtec.cat\/escola-elsestanys\/wp-json\/wp\/v2\/posts\/24037\/revisions\/24100"}],"wp:attachment":[{"href":"https:\/\/agora.xtec.cat\/escola-elsestanys\/wp-json\/wp\/v2\/media?parent=24037"}],"wp:term":[{"taxonomy":"category","embeddable":true,"href":"https:\/\/agora.xtec.cat\/escola-elsestanys\/wp-json\/wp\/v2\/categories?post=24037"},{"taxonomy":"post_tag","embeddable":true,"href":"https:\/\/agora.xtec.cat\/escola-elsestanys\/wp-json\/wp\/v2\/tags?post=24037"}],"curies":[{"name":"wp","href":"https:\/\/api.w.org\/{rel}","templated":true}]}}