{"id":23829,"date":"2023-02-03T14:05:30","date_gmt":"2023-02-03T13:05:30","guid":{"rendered":"https:\/\/agora.xtec.cat\/escola-elsestanys\/?p=23829"},"modified":"2023-02-03T14:05:30","modified_gmt":"2023-02-03T13:05:30","slug":"taller-proa-continuem-formant-families","status":"publish","type":"post","link":"https:\/\/agora.xtec.cat\/escola-elsestanys\/portada\/taller-proa-continuem-formant-families\/","title":{"rendered":"Taller PROA+. Continuem formant fam\u00edlies."},"content":{"rendered":"<p>Una de les activitats que fem dins el projecte PROA+, \u00e9s la formaci\u00f3 a les fam\u00edlies. Aqu\u00ed teniu les fotografies del taller: <strong>Compartim la lectura.\u00a0<\/strong><\/p>\n<p><a href=\"https:\/\/photos.app.goo.gl\/hdU9X4PKVZGbtUBz9\" target=\"_blank\" rel=\"noopener\"><img loading=\"lazy\" decoding=\"async\" class=\"alignleft\" src=\"https:\/\/lh3.googleusercontent.com\/Y27SD5rrxMinpc5bp09wszsfJkg4z_SPnVznSUm6ep1BXdWIXoCNa4btt-uSjyHxAf-HnGAZShTAMclNTqDAtxFzSWEyW6WEVCCq2LtGZK53ZKY4JHN4KDYOx-MkSeV1Fml_7XGO9PpoD-Jtk6jjTGZod4mg8EsRnpg69y5-9SM97loDSgk2cPYLBQ8froFW2Hn7SNg5lz5Gc7cbmQSs9P8jquK7Tb3yy_PA0oVxSWX18LACfk9odPTqAAvY267gyoWCBTKZyYJQSW5ZkFOP2iPR_3wu2Tf9BVyNnXXeJllzicC_zuWqkEc2SdykcN34bBmxl_PBFVvWQqGT2h5On3d6QdjFaav-KdC096pZYJ5ps5O0Mva4h0PFYcqthcqYjNovfq49x3bAXnGS_ji5z0RIgNF-nNgrfIZ5i4CK0wbSDPvEw9Z0ETpIdESjEePuUuHt8WjMXuYEbVLkgT6wozH3N8XY447NpqVTLx6SosRhCw994Zlgkx63gQWMDBbIube9d4xUyR8l_u23VpDswvb05saQgI4I8ek0wUl6uwov3zKemIUa8nhwF_UadD2GYfi4D91ST5G_YJZIYfNjaS_s5XSnXBMOM_N8hasIGrLSlOYPjr9SxE9yCq9gT6QgtR-ge2y0GbBQ93tS8KuvyFKtdtHdyhMjGl11ockwNpFeGmJHpSrhy6slj1LPFe-LpnO5PEn90bxeJxDaenhzjnbkQRqD_R6HZWu3L2mtqPnK0OayiwxJAk0YedrCvhWmcPp70Rn3y9L86mwHT59ULde99HnhjELaq8wli-2dUdr6ks3-mDUbJGG-xzJO9Sqcd7FPmpCpMPUL3JYmvSZmsMf5CjccsALv_5Jcw4jstD8uMTN4IiFFXjuG5LqikzCBtIvEbGCk3eRpMu9vHmjyHzkZMPi4iO1J72p1kChOqVU3ThtjFBQnYy7Ho6JfYE-20GlcwlYEDexnLQPWpA=w1174-h880-no?authuser=1\" alt=\"\" width=\"640\" height=\"480\" \/><\/a><\/p>\n<p>&nbsp;<\/p>\n","protected":false},"excerpt":{"rendered":"<p>Una de les activitats que fem dins el projecte PROA+, \u00e9s la formaci\u00f3 a les fam\u00edlies. Aqu\u00ed teniu les fotografies del taller: Compartim la lectura.\u00a0 &nbsp;<\/p>\n","protected":false},"author":29,"featured_media":0,"comment_status":"open","ping_status":"closed","sticky":false,"template":"","format":"standard","meta":{"_bbp_topic_count":0,"_bbp_reply_count":0,"_bbp_total_topic_count":0,"_bbp_total_reply_count":0,"_bbp_voice_count":0,"_bbp_anonymous_reply_count":0,"_bbp_topic_count_hidden":0,"_bbp_reply_count_hidden":0,"_bbp_forum_subforum_count":0,"site-sidebar-layout":"default","site-content-layout":"","ast-site-content-layout":"","site-content-style":"default","site-sidebar-style":"default","ast-global-header-display":"","ast-banner-title-visibility":"","ast-main-header-display":"","ast-hfb-above-header-display":"","ast-hfb-below-header-display":"","ast-hfb-mobile-header-display":"","site-post-title":"","ast-breadcrumbs-content":"","ast-featured-img":"","footer-sml-layout":"","theme-transparent-header-meta":"","adv-header-id-meta":"","stick-header-meta":"","header-above-stick-meta":"","header-main-stick-meta":"","header-below-stick-meta":"","astra-migrate-meta-layouts":"default","ast-page-background-enabled":"default","ast-page-background-meta":{"desktop":{"background-color":"var(--ast-global-color-4)","background-image":"","background-repeat":"repeat","background-position":"center center","background-size":"auto","background-attachment":"scroll","background-type":"","background-media":"","overlay-type":"","overlay-color":"","overlay-opacity":"","overlay-gradient":""},"tablet":{"background-color":"","background-image":"","background-repeat":"repeat","background-position":"center center","background-size":"auto","background-attachment":"scroll","background-type":"","background-media":"","overlay-type":"","overlay-color":"","overlay-opacity":"","overlay-gradient":""},"mobile":{"background-color":"","background-image":"","background-repeat":"repeat","background-position":"center center","background-size":"auto","background-attachment":"scroll","background-type":"","background-media":"","overlay-type":"","overlay-color":"","overlay-opacity":"","overlay-gradient":""}},"ast-content-background-meta":{"desktop":{"background-color":"var(--ast-global-color-5)","background-image":"","background-repeat":"repeat","background-position":"center center","background-size":"auto","background-attachment":"scroll","background-type":"","background-media":"","overlay-type":"","overlay-color":"","overlay-opacity":"","overlay-gradient":""},"tablet":{"background-color":"var(--ast-global-color-5)","background-image":"","background-repeat":"repeat","background-position":"center center","background-size":"auto","background-attachment":"scroll","background-type":"","background-media":"","overlay-type":"","overlay-color":"","overlay-opacity":"","overlay-gradient":""},"mobile":{"background-color":"var(--ast-global-color-5)","background-image":"","background-repeat":"repeat","background-position":"center center","background-size":"auto","background-attachment":"scroll","background-type":"","background-media":"","overlay-type":"","overlay-color":"","overlay-opacity":"","overlay-gradient":""}},"footnotes":""},"categories":[674,4,5],"tags":[882,881,905],"class_list":["post-23829","post","type-post","status-publish","format-standard","hentry","category-ei","category-portada","category-primaria","tag-formacio-families","tag-proa","tag-tallers-families"],"post_mailing_queue_ids":[],"_links":{"self":[{"href":"https:\/\/agora.xtec.cat\/escola-elsestanys\/wp-json\/wp\/v2\/posts\/23829","targetHints":{"allow":["GET"]}}],"collection":[{"href":"https:\/\/agora.xtec.cat\/escola-elsestanys\/wp-json\/wp\/v2\/posts"}],"about":[{"href":"https:\/\/agora.xtec.cat\/escola-elsestanys\/wp-json\/wp\/v2\/types\/post"}],"author":[{"embeddable":true,"href":"https:\/\/agora.xtec.cat\/escola-elsestanys\/wp-json\/wp\/v2\/users\/29"}],"replies":[{"embeddable":true,"href":"https:\/\/agora.xtec.cat\/escola-elsestanys\/wp-json\/wp\/v2\/comments?post=23829"}],"version-history":[{"count":1,"href":"https:\/\/agora.xtec.cat\/escola-elsestanys\/wp-json\/wp\/v2\/posts\/23829\/revisions"}],"predecessor-version":[{"id":23830,"href":"https:\/\/agora.xtec.cat\/escola-elsestanys\/wp-json\/wp\/v2\/posts\/23829\/revisions\/23830"}],"wp:attachment":[{"href":"https:\/\/agora.xtec.cat\/escola-elsestanys\/wp-json\/wp\/v2\/media?parent=23829"}],"wp:term":[{"taxonomy":"category","embeddable":true,"href":"https:\/\/agora.xtec.cat\/escola-elsestanys\/wp-json\/wp\/v2\/categories?post=23829"},{"taxonomy":"post_tag","embeddable":true,"href":"https:\/\/agora.xtec.cat\/escola-elsestanys\/wp-json\/wp\/v2\/tags?post=23829"}],"curies":[{"name":"wp","href":"https:\/\/api.w.org\/{rel}","templated":true}]}}