{"id":23646,"date":"2022-12-12T13:09:06","date_gmt":"2022-12-12T12:09:06","guid":{"rendered":"https:\/\/agora.xtec.cat\/escola-elsestanys\/?p=23646"},"modified":"2022-12-13T21:05:49","modified_gmt":"2022-12-13T20:05:49","slug":"on-es-en-xalari-i-la-xalarina","status":"publish","type":"post","link":"https:\/\/agora.xtec.cat\/escola-elsestanys\/general\/on-es-en-xalari-i-la-xalarina\/","title":{"rendered":"On s\u00f3n en Xalar\u00ed i la Xalarina?"},"content":{"rendered":"<p>El divendres dia 9 de desembre l&#8217;alumnat de Cicle Mitj\u00e0 van fer una gimcana per cercar els Xalarins i les Xalarines de l&#8217;itinerari de Castell d&#8217;Aro. Amb l&#8217;ajuda d&#8217;un pl\u00e0nol i seguint unes pistes, els nens i nenes van anar trobant les petites plaques situades a diferents llocs emblem\u00e0tics del municipi.<\/p>\n<p>Moltes gr\u00e0cies a l&#8217;Oficina de Turisme Familiar de l&#8217;Ajuntament de Castell Platja d&#8217;Aro i S&#8217;Agar\u00f3 per organitzar aquesta activitat.<\/p>\n<p><a href=\"https:\/\/photos.app.goo.gl\/pS7nuHX8F4hxwJ3S9\" target=\"_blank\" rel=\"noopener\"><img loading=\"lazy\" decoding=\"async\" class=\"\" src=\"https:\/\/lh3.googleusercontent.com\/-pfn4AYVOLGBDR1SF45C07wy4rNwVrwY-01Ej_58vZTNxvVQstUGK_tYrl349887SR36tivtpNVD9XFi7BaxwvY8FTxW_kXU-nqj9-zd3UPenUtT2nbrvZ5MaSYT7w-3_yA73JwQoSi-SQ-46KfyvEu_WLT9Laa3kHWwXT3L0KjZxgyXTUN4U-V2F1VAC-yfcKbcqMmn90yJNNAs0MG6puvOvcJdKp3zmR7HFRHOtkyDCejqx-7hGlXLN5dEHCbjjmAZftca3ZPVG6bezIm1E2gRyOuekr84iB58e7SuRtILY52qg37vHOjnjtjtHRycxclsD8DeKKMetxjM8vJ38PtbTCmoMkzD_D6F0PioSdlf_NFbc2-CkOn9y98yKJbVZjQto17axNHoqg63cS3MxOXZxaWKYsc_NFc2l3md6nlrXo1mL09dZgGEQ-Vcs6A2simwpxE5szccsJvcfGam335VM7_4Xn-DW96NZzaXy7oBCSHBBbFFlEKi0MExdMf3njw-4vI7xB67sJ95DRJM40X3pTufOMqxENke7j41TMxRP1VQDg15t_BFBUjIIIKy-8dlckpinE0JQiLaN10VLuTIeAiF76v5AJ65aXwofsixlquSZfMI_BuxwFvpGwAZTXsmFuDsxMzNRynvJYQZcEExra8j-m1wUwVs2R8KbeH1z_lXhSPlAhsT26FLCuVbboxQf2QwuQCcXBqJgUbfjArZQ0263fG6GEbPo-GcF9s49cpGmU8pYXseWiixyUjwcsXs_p0WCe4kxa1DFl8qotfE0BtXFAmgpNNw1sti7lWWetpVX3k2Gv-MGvrSPrzDl1Ey1nLHharmCvVHILQtyjadpIsM_2Rcwgnp17faijbxfplwHyMJ15LcohY1ZYrCmKpyhXMfctzo6t22fXEReDFkUp-U2QZ0IxQKBaTFRa2JUewACeP0pJUEYakJvEKvZlB6CCqZvf0W2K8znAdy=w1046-h784-no?authuser=1\" width=\"640\" height=\"480\" \/><\/a><\/p>\n","protected":false},"excerpt":{"rendered":"<p>El divendres dia 9 de desembre l&#8217;alumnat de Cicle Mitj\u00e0 van fer una gimcana per cercar els Xalarins i les Xalarines de l&#8217;itinerari de Castell d&#8217;Aro. Amb l&#8217;ajuda d&#8217;un pl\u00e0nol i seguint unes pistes, els nens i nenes van anar trobant les petites plaques situades a diferents llocs emblem\u00e0tics del municipi. Moltes gr\u00e0cies a l&#8217;Oficina [&hellip;]<\/p>\n","protected":false},"author":6,"featured_media":0,"comment_status":"open","ping_status":"closed","sticky":false,"template":"","format":"standard","meta":{"_bbp_topic_count":0,"_bbp_reply_count":0,"_bbp_total_topic_count":0,"_bbp_total_reply_count":0,"_bbp_voice_count":0,"_bbp_anonymous_reply_count":0,"_bbp_topic_count_hidden":0,"_bbp_reply_count_hidden":0,"_bbp_forum_subforum_count":0,"site-sidebar-layout":"default","site-content-layout":"","ast-site-content-layout":"","site-content-style":"default","site-sidebar-style":"default","ast-global-header-display":"","ast-banner-title-visibility":"","ast-main-header-display":"","ast-hfb-above-header-display":"","ast-hfb-below-header-display":"","ast-hfb-mobile-header-display":"","site-post-title":"","ast-breadcrumbs-content":"","ast-featured-img":"","footer-sml-layout":"","theme-transparent-header-meta":"","adv-header-id-meta":"","stick-header-meta":"","header-above-stick-meta":"","header-main-stick-meta":"","header-below-stick-meta":"","astra-migrate-meta-layouts":"default","ast-page-background-enabled":"default","ast-page-background-meta":{"desktop":{"background-color":"var(--ast-global-color-4)","background-image":"","background-repeat":"repeat","background-position":"center center","background-size":"auto","background-attachment":"scroll","background-type":"","background-media":"","overlay-type":"","overlay-color":"","overlay-opacity":"","overlay-gradient":""},"tablet":{"background-color":"","background-image":"","background-repeat":"repeat","background-position":"center center","background-size":"auto","background-attachment":"scroll","background-type":"","background-media":"","overlay-type":"","overlay-color":"","overlay-opacity":"","overlay-gradient":""},"mobile":{"background-color":"","background-image":"","background-repeat":"repeat","background-position":"center center","background-size":"auto","background-attachment":"scroll","background-type":"","background-media":"","overlay-type":"","overlay-color":"","overlay-opacity":"","overlay-gradient":""}},"ast-content-background-meta":{"desktop":{"background-color":"var(--ast-global-color-5)","background-image":"","background-repeat":"repeat","background-position":"center center","background-size":"auto","background-attachment":"scroll","background-type":"","background-media":"","overlay-type":"","overlay-color":"","overlay-opacity":"","overlay-gradient":""},"tablet":{"background-color":"var(--ast-global-color-5)","background-image":"","background-repeat":"repeat","background-position":"center center","background-size":"auto","background-attachment":"scroll","background-type":"","background-media":"","overlay-type":"","overlay-color":"","overlay-opacity":"","overlay-gradient":""},"mobile":{"background-color":"var(--ast-global-color-5)","background-image":"","background-repeat":"repeat","background-position":"center center","background-size":"auto","background-attachment":"scroll","background-type":"","background-media":"","overlay-type":"","overlay-color":"","overlay-opacity":"","overlay-gradient":""}},"footnotes":""},"categories":[12,13,676,1,4,5],"tags":[],"class_list":["post-23646","post","type-post","status-publish","format-standard","hentry","category-3r","category-4t","category-cm","category-general","category-portada","category-primaria"],"post_mailing_queue_ids":[],"_links":{"self":[{"href":"https:\/\/agora.xtec.cat\/escola-elsestanys\/wp-json\/wp\/v2\/posts\/23646","targetHints":{"allow":["GET"]}}],"collection":[{"href":"https:\/\/agora.xtec.cat\/escola-elsestanys\/wp-json\/wp\/v2\/posts"}],"about":[{"href":"https:\/\/agora.xtec.cat\/escola-elsestanys\/wp-json\/wp\/v2\/types\/post"}],"author":[{"embeddable":true,"href":"https:\/\/agora.xtec.cat\/escola-elsestanys\/wp-json\/wp\/v2\/users\/6"}],"replies":[{"embeddable":true,"href":"https:\/\/agora.xtec.cat\/escola-elsestanys\/wp-json\/wp\/v2\/comments?post=23646"}],"version-history":[{"count":3,"href":"https:\/\/agora.xtec.cat\/escola-elsestanys\/wp-json\/wp\/v2\/posts\/23646\/revisions"}],"predecessor-version":[{"id":23665,"href":"https:\/\/agora.xtec.cat\/escola-elsestanys\/wp-json\/wp\/v2\/posts\/23646\/revisions\/23665"}],"wp:attachment":[{"href":"https:\/\/agora.xtec.cat\/escola-elsestanys\/wp-json\/wp\/v2\/media?parent=23646"}],"wp:term":[{"taxonomy":"category","embeddable":true,"href":"https:\/\/agora.xtec.cat\/escola-elsestanys\/wp-json\/wp\/v2\/categories?post=23646"},{"taxonomy":"post_tag","embeddable":true,"href":"https:\/\/agora.xtec.cat\/escola-elsestanys\/wp-json\/wp\/v2\/tags?post=23646"}],"curies":[{"name":"wp","href":"https:\/\/api.w.org\/{rel}","templated":true}]}}