{"id":23632,"date":"2022-12-07T14:08:41","date_gmt":"2022-12-07T13:08:41","guid":{"rendered":"https:\/\/agora.xtec.cat\/escola-elsestanys\/?p=23632"},"modified":"2022-12-07T14:08:47","modified_gmt":"2022-12-07T13:08:47","slug":"a-la-recerca-de-xalarins-i-xalarines","status":"publish","type":"post","link":"https:\/\/agora.xtec.cat\/escola-elsestanys\/general\/a-la-recerca-de-xalarins-i-xalarines\/","title":{"rendered":"A la recerca de Xalarins i Xalarines"},"content":{"rendered":"<p>El dimecres 7 de desembre, els i les nenes de cicle superior hem fet la gimcana de recerca de Xalarins i Xalarines pel municipi.<\/p>\n<p>Gr\u00e0cies a tot aquest circuit hem conegut molt llocs emblem\u00e0tics del poble.<\/p>\n<p>Moltes gr\u00e0cies al Turisme Familiar de l&#8217;Ajuntament de Castell Platja d&#8217;Aro i s&#8217;Agar\u00f3 per organitzar-ho.<\/p>\n<p><a href=\"https:\/\/photos.app.goo.gl\/AHeag5Fznn5dsv6G8\" target=\"_blank\" rel=\"noopener\"><img loading=\"lazy\" decoding=\"async\" class=\"alignnone\" src=\"https:\/\/lh3.googleusercontent.com\/9C_8vDsx1zBff1BLXMfjToJRb6jG2__LWK-dYFRrdtHxRK_2okd8TjV_14VV3UJ4m2NHReAIJT0VKjVLhrOIxAlcgvOLD_Lo5nF_Cm5anBtJTxqwrI8-XJaEH01DFfYZbiPpR8VYd8Gtk0uLkw8QpRL19ZKPeOxUpjY72Oz0z8vI14hsNtQDqBrNbgIK4bxNvMuzsaefmCdsXBckl27vGjRZdG-0EzWAV69A74M-i--6_tnRZjo3rFD80Xl781b_hgsRkKUgP4twuNbfAcvInA2DiYQurIKcyd7ukMn6VLAeguNVsx23pEY72q9opD9H6-V9rOYh38lxKQWthoqq5HPFdyJePCkmvQOrL-CeJ93IorDA_G6f5Kx_ADiqD8hr8u_xdHjCEI8s8mHjjb_MprZ7WeNNTdtoqMCS1BybPvFDZ-1yW14FznMk0PIF8AFAxBRoqjm738rk9_lJZI29hrfmdRGFHJ8ICnKZEArn5Pz-6ka7KY9aWHDCfm9pq_p_ummvzkTGEw_BKvcNRNLog9PCHzxITdEWIo9tAiw-aqvGlR1MLQm2FXQB4P6v4MgX60UoOlr8vBFSoKrwpnWdi7D_seCzHSSHPc7HNoFkyaQwWT_iYbVwbCmVImNj1JcvlXvD-lyYc0BJUxH7v27JPeh0ychWdGTejQor3zWcTZj6i6u3_V-9NKlWzWhegJWmj08yh5x4LsYOPXPfRY7GPfBZJ8b_Rv7utwl5-FWUeAPk6-7f6vBtbZbGy_4_mhrae6z7q-Tb3Edivdre7V6O9Jx_bCBrsC8YJPQtJ6mcQ3Aah_nPa8lSsCl3HCTgr3kmWIpFaRmilG0lOxCWey02CYt-w0OCtV6gCDkab9drAX-ug-90fSUyoHm5Onk39aCs-1gMz30MWH4_2FKrs0LihaA6ygRVwdyAQjx3loRLyDGUYIKXzoYa9BUlYhbE-Hno_5b-OxCTK25PHh8TJA=w834-h625-no?authuser=1\" alt=\"\" width=\"640\" height=\"480\" \/><\/a><\/p>\n","protected":false},"excerpt":{"rendered":"<p>El dimecres 7 de desembre, els i les nenes de cicle superior hem fet la gimcana de recerca de Xalarins i Xalarines pel municipi. Gr\u00e0cies a tot aquest circuit hem conegut molt llocs emblem\u00e0tics del poble. Moltes gr\u00e0cies al Turisme Familiar de l&#8217;Ajuntament de Castell Platja d&#8217;Aro i s&#8217;Agar\u00f3 per organitzar-ho.<\/p>\n","protected":false},"author":124,"featured_media":0,"comment_status":"open","ping_status":"closed","sticky":false,"template":"","format":"standard","meta":{"_bbp_topic_count":0,"_bbp_reply_count":0,"_bbp_total_topic_count":0,"_bbp_total_reply_count":0,"_bbp_voice_count":0,"_bbp_anonymous_reply_count":0,"_bbp_topic_count_hidden":0,"_bbp_reply_count_hidden":0,"_bbp_forum_subforum_count":0,"site-sidebar-layout":"default","site-content-layout":"","ast-site-content-layout":"","site-content-style":"default","site-sidebar-style":"default","ast-global-header-display":"","ast-banner-title-visibility":"","ast-main-header-display":"","ast-hfb-above-header-display":"","ast-hfb-below-header-display":"","ast-hfb-mobile-header-display":"","site-post-title":"","ast-breadcrumbs-content":"","ast-featured-img":"","footer-sml-layout":"","theme-transparent-header-meta":"","adv-header-id-meta":"","stick-header-meta":"","header-above-stick-meta":"","header-main-stick-meta":"","header-below-stick-meta":"","astra-migrate-meta-layouts":"default","ast-page-background-enabled":"default","ast-page-background-meta":{"desktop":{"background-color":"var(--ast-global-color-4)","background-image":"","background-repeat":"repeat","background-position":"center center","background-size":"auto","background-attachment":"scroll","background-type":"","background-media":"","overlay-type":"","overlay-color":"","overlay-opacity":"","overlay-gradient":""},"tablet":{"background-color":"","background-image":"","background-repeat":"repeat","background-position":"center center","background-size":"auto","background-attachment":"scroll","background-type":"","background-media":"","overlay-type":"","overlay-color":"","overlay-opacity":"","overlay-gradient":""},"mobile":{"background-color":"","background-image":"","background-repeat":"repeat","background-position":"center center","background-size":"auto","background-attachment":"scroll","background-type":"","background-media":"","overlay-type":"","overlay-color":"","overlay-opacity":"","overlay-gradient":""}},"ast-content-background-meta":{"desktop":{"background-color":"var(--ast-global-color-5)","background-image":"","background-repeat":"repeat","background-position":"center center","background-size":"auto","background-attachment":"scroll","background-type":"","background-media":"","overlay-type":"","overlay-color":"","overlay-opacity":"","overlay-gradient":""},"tablet":{"background-color":"var(--ast-global-color-5)","background-image":"","background-repeat":"repeat","background-position":"center center","background-size":"auto","background-attachment":"scroll","background-type":"","background-media":"","overlay-type":"","overlay-color":"","overlay-opacity":"","overlay-gradient":""},"mobile":{"background-color":"var(--ast-global-color-5)","background-image":"","background-repeat":"repeat","background-position":"center center","background-size":"auto","background-attachment":"scroll","background-type":"","background-media":"","overlay-type":"","overlay-color":"","overlay-opacity":"","overlay-gradient":""}},"footnotes":""},"categories":[14,15,677,1,4],"tags":[],"class_list":["post-23632","post","type-post","status-publish","format-standard","hentry","category-5e","category-6e","category-cs","category-general","category-portada"],"post_mailing_queue_ids":[],"_links":{"self":[{"href":"https:\/\/agora.xtec.cat\/escola-elsestanys\/wp-json\/wp\/v2\/posts\/23632","targetHints":{"allow":["GET"]}}],"collection":[{"href":"https:\/\/agora.xtec.cat\/escola-elsestanys\/wp-json\/wp\/v2\/posts"}],"about":[{"href":"https:\/\/agora.xtec.cat\/escola-elsestanys\/wp-json\/wp\/v2\/types\/post"}],"author":[{"embeddable":true,"href":"https:\/\/agora.xtec.cat\/escola-elsestanys\/wp-json\/wp\/v2\/users\/124"}],"replies":[{"embeddable":true,"href":"https:\/\/agora.xtec.cat\/escola-elsestanys\/wp-json\/wp\/v2\/comments?post=23632"}],"version-history":[{"count":1,"href":"https:\/\/agora.xtec.cat\/escola-elsestanys\/wp-json\/wp\/v2\/posts\/23632\/revisions"}],"predecessor-version":[{"id":23633,"href":"https:\/\/agora.xtec.cat\/escola-elsestanys\/wp-json\/wp\/v2\/posts\/23632\/revisions\/23633"}],"wp:attachment":[{"href":"https:\/\/agora.xtec.cat\/escola-elsestanys\/wp-json\/wp\/v2\/media?parent=23632"}],"wp:term":[{"taxonomy":"category","embeddable":true,"href":"https:\/\/agora.xtec.cat\/escola-elsestanys\/wp-json\/wp\/v2\/categories?post=23632"},{"taxonomy":"post_tag","embeddable":true,"href":"https:\/\/agora.xtec.cat\/escola-elsestanys\/wp-json\/wp\/v2\/tags?post=23632"}],"curies":[{"name":"wp","href":"https:\/\/api.w.org\/{rel}","templated":true}]}}