{"id":23057,"date":"2022-06-03T13:18:46","date_gmt":"2022-06-03T11:18:46","guid":{"rendered":"https:\/\/agora.xtec.cat\/escola-elsestanys\/?p=23057"},"modified":"2022-06-04T20:47:04","modified_gmt":"2022-06-04T18:47:04","slug":"centre-de-recuperacio-de-tortugues-de-lalbera","status":"publish","type":"post","link":"https:\/\/agora.xtec.cat\/escola-elsestanys\/portada\/centre-de-recuperacio-de-tortugues-de-lalbera\/","title":{"rendered":"Centre de Recuperaci\u00f3 de Tortugues de l\u2019Albera"},"content":{"rendered":"<p>Com a cloenda de l\u2019activitat d\u2019educaci\u00f3 ambiental que la policia municipal duu a terme a l\u2019escola, els alumnes de 5\u00e8 han fet una interessant visita al Centre de Recuperaci\u00f3 de Tortugues de l\u2019Albera. Aquesta activitat ha estat subvencionada per l\u2019Ajuntament.<\/p>\n<p>Els objectius prioritaris d\u2019aquest centre s\u00f3n la cria en captivitat de la tortuga mediterr\u00e0nia, esp\u00e8cie que mant\u00e9 a la serra de l\u2019Albera la darrera poblaci\u00f3 natural de la pen\u00ednsula Ib\u00e8rica, i de la tortuga d\u2019estany per tal de ser alliberades als seus h\u00e0bitats naturals i recuperar-ne les poblacions.<\/p>\n<p>Moltes gr\u00e0cies a la Policia Local de Platja d\u2019Aro per\u00a0organitzar aquesta sortida.<\/p>\n<p><a href=\"https:\/\/photos.app.goo.gl\/3AcMAFVysaM3kaTL8\" target=\"_blank\" rel=\"noopener\"><img loading=\"lazy\" decoding=\"async\" class=\"alignnone\" src=\"https:\/\/lh3.googleusercontent.com\/pw\/AM-JKLXFqtJ6JQU_F4PhSXCFCGK_uOMcHQINHpArGln8Q-gn75uYBWQ7771b5kxFedINf24vTB3iX8sQDWF4qMWgNqGkDO8K53BwfmZlh0IsGJscJoTLKCOxoLWpqcfGL3HhSeeuINN4bQtza7nHai4EVPDO=w1239-h929-no?authuser=0\" alt=\"\" width=\"640\" height=\"480\" \/><\/a><\/p>\n","protected":false},"excerpt":{"rendered":"<p>Com a cloenda de l\u2019activitat d\u2019educaci\u00f3 ambiental que la policia municipal duu a terme a l\u2019escola, els alumnes de 5\u00e8 han fet una interessant visita al Centre de Recuperaci\u00f3 de Tortugues de l\u2019Albera. Aquesta activitat ha estat subvencionada per l\u2019Ajuntament. Els objectius prioritaris d\u2019aquest centre s\u00f3n la cria en captivitat de la tortuga mediterr\u00e0nia, esp\u00e8cie [&hellip;]<\/p>\n","protected":false},"author":3,"featured_media":0,"comment_status":"open","ping_status":"closed","sticky":false,"template":"","format":"standard","meta":{"_bbp_topic_count":0,"_bbp_reply_count":0,"_bbp_total_topic_count":0,"_bbp_total_reply_count":0,"_bbp_voice_count":0,"_bbp_anonymous_reply_count":0,"_bbp_topic_count_hidden":0,"_bbp_reply_count_hidden":0,"_bbp_forum_subforum_count":0,"site-sidebar-layout":"default","site-content-layout":"","ast-site-content-layout":"","site-content-style":"default","site-sidebar-style":"default","ast-global-header-display":"","ast-banner-title-visibility":"","ast-main-header-display":"","ast-hfb-above-header-display":"","ast-hfb-below-header-display":"","ast-hfb-mobile-header-display":"","site-post-title":"","ast-breadcrumbs-content":"","ast-featured-img":"","footer-sml-layout":"","theme-transparent-header-meta":"","adv-header-id-meta":"","stick-header-meta":"","header-above-stick-meta":"","header-main-stick-meta":"","header-below-stick-meta":"","astra-migrate-meta-layouts":"default","ast-page-background-enabled":"default","ast-page-background-meta":{"desktop":{"background-color":"var(--ast-global-color-4)","background-image":"","background-repeat":"repeat","background-position":"center center","background-size":"auto","background-attachment":"scroll","background-type":"","background-media":"","overlay-type":"","overlay-color":"","overlay-opacity":"","overlay-gradient":""},"tablet":{"background-color":"","background-image":"","background-repeat":"repeat","background-position":"center center","background-size":"auto","background-attachment":"scroll","background-type":"","background-media":"","overlay-type":"","overlay-color":"","overlay-opacity":"","overlay-gradient":""},"mobile":{"background-color":"","background-image":"","background-repeat":"repeat","background-position":"center center","background-size":"auto","background-attachment":"scroll","background-type":"","background-media":"","overlay-type":"","overlay-color":"","overlay-opacity":"","overlay-gradient":""}},"ast-content-background-meta":{"desktop":{"background-color":"var(--ast-global-color-5)","background-image":"","background-repeat":"repeat","background-position":"center center","background-size":"auto","background-attachment":"scroll","background-type":"","background-media":"","overlay-type":"","overlay-color":"","overlay-opacity":"","overlay-gradient":""},"tablet":{"background-color":"var(--ast-global-color-5)","background-image":"","background-repeat":"repeat","background-position":"center center","background-size":"auto","background-attachment":"scroll","background-type":"","background-media":"","overlay-type":"","overlay-color":"","overlay-opacity":"","overlay-gradient":""},"mobile":{"background-color":"var(--ast-global-color-5)","background-image":"","background-repeat":"repeat","background-position":"center center","background-size":"auto","background-attachment":"scroll","background-type":"","background-media":"","overlay-type":"","overlay-color":"","overlay-opacity":"","overlay-gradient":""}},"footnotes":""},"categories":[14,4],"tags":[120,598],"class_list":["post-23057","post","type-post","status-publish","format-standard","hentry","category-5e","category-portada","tag-policia-local","tag-tortugues"],"post_mailing_queue_ids":[],"_links":{"self":[{"href":"https:\/\/agora.xtec.cat\/escola-elsestanys\/wp-json\/wp\/v2\/posts\/23057","targetHints":{"allow":["GET"]}}],"collection":[{"href":"https:\/\/agora.xtec.cat\/escola-elsestanys\/wp-json\/wp\/v2\/posts"}],"about":[{"href":"https:\/\/agora.xtec.cat\/escola-elsestanys\/wp-json\/wp\/v2\/types\/post"}],"author":[{"embeddable":true,"href":"https:\/\/agora.xtec.cat\/escola-elsestanys\/wp-json\/wp\/v2\/users\/3"}],"replies":[{"embeddable":true,"href":"https:\/\/agora.xtec.cat\/escola-elsestanys\/wp-json\/wp\/v2\/comments?post=23057"}],"version-history":[{"count":3,"href":"https:\/\/agora.xtec.cat\/escola-elsestanys\/wp-json\/wp\/v2\/posts\/23057\/revisions"}],"predecessor-version":[{"id":23068,"href":"https:\/\/agora.xtec.cat\/escola-elsestanys\/wp-json\/wp\/v2\/posts\/23057\/revisions\/23068"}],"wp:attachment":[{"href":"https:\/\/agora.xtec.cat\/escola-elsestanys\/wp-json\/wp\/v2\/media?parent=23057"}],"wp:term":[{"taxonomy":"category","embeddable":true,"href":"https:\/\/agora.xtec.cat\/escola-elsestanys\/wp-json\/wp\/v2\/categories?post=23057"},{"taxonomy":"post_tag","embeddable":true,"href":"https:\/\/agora.xtec.cat\/escola-elsestanys\/wp-json\/wp\/v2\/tags?post=23057"}],"curies":[{"name":"wp","href":"https:\/\/api.w.org\/{rel}","templated":true}]}}