{"id":23009,"date":"2022-05-26T12:18:18","date_gmt":"2022-05-26T10:18:18","guid":{"rendered":"https:\/\/agora.xtec.cat\/escola-elsestanys\/?p=23009"},"modified":"2022-05-26T12:18:18","modified_gmt":"2022-05-26T10:18:18","slug":"5e-i-6e-autor-francesc-puigpelat","status":"publish","type":"post","link":"https:\/\/agora.xtec.cat\/escola-elsestanys\/portada\/5e-i-6e-autor-francesc-puigpelat\/","title":{"rendered":"5\u00e8 i 6\u00e8 &#8211; Autor Francesc Puigpelat"},"content":{"rendered":"<p>Els alumnes de cicle superior han mantingut una videoconfer\u00e8ncia amb l&#8217;autor Francesc Puigpelat, que ha escrit els llibres &#8220;El fantasma del professor de matem\u00e0tiques&#8221; i &#8220;El collar blau de Sidi Ifni&#8221; que han llegit a 5\u00e8 i 6\u00e8 respectivament.<\/p>\n<p>En Francesc els ha explicat coses molt interessants sobre la feina d&#8217;escriptor. Ell, antic professor i periodista, va comen\u00e7ar a escriure als 28 anys i ha escrit 40 novel\u00b7les per a diferents p\u00fablics i tamb\u00e9 teatre.<\/p>\n<p>De &#8220;El collar blau de Sidi Ifni&#8221; ha volgut treballar un tema molt actual com \u00e9s la immigraci\u00f3 i el racisme. En col\u00b7laboraci\u00f3 amb J. Copons, han escrit el llibre &#8220;El fantasma del professor de matem\u00e0tiques&#8221;. Han redactat un cap\u00edtol cada un i ha resultat una novel.la molt divertida.<\/p>\n<p>Per acabar ens ha dit que &#8220;els llibres s\u00f3n una finestra oberta a un altre m\u00f3n&#8221; i per aix\u00f2 \u00e9s tan bonic llegir.<\/p>\n<p><a href=\"https:\/\/photos.app.goo.gl\/2cSMRBwMPhQ27BsVA\" target=\"_blank\" rel=\"noopener\"><img loading=\"lazy\" decoding=\"async\" class=\"alignnone\" src=\"https:\/\/lh3.googleusercontent.com\/pw\/AM-JKLV4i9v2ah2LxrqHpEGGN73m-89P7lsSouXCrDhNdvj9I6LcXXdsi2Ybh7__3RObm5PSqh9Q3HX8a1LjK5Qg_ATynknR57_4BLBD167zLF8TfKD4V_F_8liU87TIzhnHukco4kvfs9FLHYswvFFDoY8O=w1258-h943-no?authuser=1\" alt=\"\" width=\"641\" height=\"481\" \/><\/a><\/p>\n","protected":false},"excerpt":{"rendered":"<p>Els alumnes de cicle superior han mantingut una videoconfer\u00e8ncia amb l&#8217;autor Francesc Puigpelat, que ha escrit els llibres &#8220;El fantasma del professor de matem\u00e0tiques&#8221; i &#8220;El collar blau de Sidi Ifni&#8221; que han llegit a 5\u00e8 i 6\u00e8 respectivament. En Francesc els ha explicat coses molt interessants sobre la feina d&#8217;escriptor. Ell, antic professor i [&hellip;]<\/p>\n","protected":false},"author":112,"featured_media":0,"comment_status":"open","ping_status":"closed","sticky":false,"template":"","format":"standard","meta":{"_bbp_topic_count":0,"_bbp_reply_count":0,"_bbp_total_topic_count":0,"_bbp_total_reply_count":0,"_bbp_voice_count":0,"_bbp_anonymous_reply_count":0,"_bbp_topic_count_hidden":0,"_bbp_reply_count_hidden":0,"_bbp_forum_subforum_count":0,"site-sidebar-layout":"default","site-content-layout":"","ast-site-content-layout":"","site-content-style":"default","site-sidebar-style":"default","ast-global-header-display":"","ast-banner-title-visibility":"","ast-main-header-display":"","ast-hfb-above-header-display":"","ast-hfb-below-header-display":"","ast-hfb-mobile-header-display":"","site-post-title":"","ast-breadcrumbs-content":"","ast-featured-img":"","footer-sml-layout":"","theme-transparent-header-meta":"","adv-header-id-meta":"","stick-header-meta":"","header-above-stick-meta":"","header-main-stick-meta":"","header-below-stick-meta":"","astra-migrate-meta-layouts":"default","ast-page-background-enabled":"default","ast-page-background-meta":{"desktop":{"background-color":"var(--ast-global-color-4)","background-image":"","background-repeat":"repeat","background-position":"center center","background-size":"auto","background-attachment":"scroll","background-type":"","background-media":"","overlay-type":"","overlay-color":"","overlay-opacity":"","overlay-gradient":""},"tablet":{"background-color":"","background-image":"","background-repeat":"repeat","background-position":"center center","background-size":"auto","background-attachment":"scroll","background-type":"","background-media":"","overlay-type":"","overlay-color":"","overlay-opacity":"","overlay-gradient":""},"mobile":{"background-color":"","background-image":"","background-repeat":"repeat","background-position":"center center","background-size":"auto","background-attachment":"scroll","background-type":"","background-media":"","overlay-type":"","overlay-color":"","overlay-opacity":"","overlay-gradient":""}},"ast-content-background-meta":{"desktop":{"background-color":"var(--ast-global-color-5)","background-image":"","background-repeat":"repeat","background-position":"center center","background-size":"auto","background-attachment":"scroll","background-type":"","background-media":"","overlay-type":"","overlay-color":"","overlay-opacity":"","overlay-gradient":""},"tablet":{"background-color":"var(--ast-global-color-5)","background-image":"","background-repeat":"repeat","background-position":"center center","background-size":"auto","background-attachment":"scroll","background-type":"","background-media":"","overlay-type":"","overlay-color":"","overlay-opacity":"","overlay-gradient":""},"mobile":{"background-color":"var(--ast-global-color-5)","background-image":"","background-repeat":"repeat","background-position":"center center","background-size":"auto","background-attachment":"scroll","background-type":"","background-media":"","overlay-type":"","overlay-color":"","overlay-opacity":"","overlay-gradient":""}},"footnotes":""},"categories":[14,15,677,4,5],"tags":[430],"class_list":["post-23009","post","type-post","status-publish","format-standard","hentry","category-5e","category-6e","category-cs","category-portada","category-primaria","tag-literatura"],"post_mailing_queue_ids":[],"_links":{"self":[{"href":"https:\/\/agora.xtec.cat\/escola-elsestanys\/wp-json\/wp\/v2\/posts\/23009","targetHints":{"allow":["GET"]}}],"collection":[{"href":"https:\/\/agora.xtec.cat\/escola-elsestanys\/wp-json\/wp\/v2\/posts"}],"about":[{"href":"https:\/\/agora.xtec.cat\/escola-elsestanys\/wp-json\/wp\/v2\/types\/post"}],"author":[{"embeddable":true,"href":"https:\/\/agora.xtec.cat\/escola-elsestanys\/wp-json\/wp\/v2\/users\/112"}],"replies":[{"embeddable":true,"href":"https:\/\/agora.xtec.cat\/escola-elsestanys\/wp-json\/wp\/v2\/comments?post=23009"}],"version-history":[{"count":1,"href":"https:\/\/agora.xtec.cat\/escola-elsestanys\/wp-json\/wp\/v2\/posts\/23009\/revisions"}],"predecessor-version":[{"id":23010,"href":"https:\/\/agora.xtec.cat\/escola-elsestanys\/wp-json\/wp\/v2\/posts\/23009\/revisions\/23010"}],"wp:attachment":[{"href":"https:\/\/agora.xtec.cat\/escola-elsestanys\/wp-json\/wp\/v2\/media?parent=23009"}],"wp:term":[{"taxonomy":"category","embeddable":true,"href":"https:\/\/agora.xtec.cat\/escola-elsestanys\/wp-json\/wp\/v2\/categories?post=23009"},{"taxonomy":"post_tag","embeddable":true,"href":"https:\/\/agora.xtec.cat\/escola-elsestanys\/wp-json\/wp\/v2\/tags?post=23009"}],"curies":[{"name":"wp","href":"https:\/\/api.w.org\/{rel}","templated":true}]}}