{"id":22694,"date":"2022-03-24T08:46:34","date_gmt":"2022-03-24T07:46:34","guid":{"rendered":"https:\/\/agora.xtec.cat\/escola-elsestanys\/?p=22694"},"modified":"2022-03-24T08:46:34","modified_gmt":"2022-03-24T07:46:34","slug":"estanys-aro-i-accio-imacte-inicial-ei","status":"publish","type":"post","link":"https:\/\/agora.xtec.cat\/escola-elsestanys\/general\/estanys-aro-i-accio-imacte-inicial-ei\/","title":{"rendered":"ESTANYS, ARO I ACCI\u00d3: IMACTE INICIAL EI"},"content":{"rendered":"<p>Hola fam\u00edlies!!!<\/p>\n<p>Aquest dilluns, 21 de mar\u00e7, hem iniciat el <em>Projecte Interdisciplinar Emprenedor<\/em> a l&#8217;escola. El t\u00edtol \u00e9s: <em>Estanys, Aro i Acci\u00f3. <\/em>Farem diverses activitats on treballarem qu\u00e8 \u00e9s, qu\u00e8 necessitem i com ens fa sentir el cinema.<\/p>\n<p>La primera activitat que hem portat a terme amb els nens i nenes d&#8217;Educaci\u00f3 Infantil \u00e9s<em> l&#8217;impacte inicial. Q<\/em>uan han arribat a l&#8217;escola s&#8217;han trobat amb dues sorpreses: l&#8217;han trobat decorada amb molts cartells \u00a0de diferents pel\u00b7l\u00edcules conegudes per ells com si fos un cinema i despr\u00e9s han visualitzat una pel\u00b7l\u00edcula de dibuixos animats. P3 i P4 han anat al gimn\u00e0s de l&#8217;escola i han vist &#8220;Toy Story&#8221; i P5 ha anat al cinema de Platja d&#8217;Aro i han vist\u00a0 &#8220;Canta 2&#8221;.<\/p>\n<p>Tots estaven molt il\u00b7lusionats amb aquesta sorpresa i l&#8217;han pogut gaudir molt!!!<\/p>\n<p><a href=\"https:\/\/photos.app.goo.gl\/ZhhBQzS6aGtiuoZY7\" target=\"_blank\" rel=\"noopener\"><img loading=\"lazy\" decoding=\"async\" class=\"alignnone \" src=\"https:\/\/lh3.googleusercontent.com\/WCZ6I2-IIvYSzv7ytWEVCWeOOav-DrA4FmBSBFb0fvfC43JL2ltzcWj84kFvQ8LGqhGyRrB367EgatKViIMM0a8GvaV9xtq89Ub1T2h9h7tk6VBK1c6YsO3VHYCk1XQHp7yuQXeQsLmaGqkepzyB_fnZtPyeOO9MhpzZNNv6pjE6o_NOPm1T8tYxxLkf6t7AES-rhwI6PjzGEJILJqIlMp_qC-wBaMwiuxtHZ83E2NAU0fJjaq3GfKzPFNL-F_RKFewSjeuxTXKxR9E0kQwmXXozBoMJQO9j7aSZbMsnbCCLZpe2tJQiauVG-1g0AgRJFE1ojfpHJJ5c_0MQE2seOA6M0Z8lQ-9wIafF0CWvliZBReeI0Kp7BOzZfwS4GvXIc_TUylRF_zzmipJBwuZ3d2zFN7TvkGLcgHk9pNfb1AB_hH8h1232Ipdk0ZzmYic2__yHDs82UuIv9A7jsNG1-tub6yp7rEDrB9uJ4n0HssM720GsJlNTH9T8dj9zEZ7Bu-cGSqrG-BpWAqe9rRS2D-dzvlaIaKGjQ62yc4Bey7RCOWcbn6Pg7XCw_y2SYQIxofHQPQAzGsPc2OOGKtbX0-qI_lLuyQTWCS0bHUjy3sxHlx-BBKua2bGVpxaigCJnW3k4JkL3_xvwTn59w9hmQoLheMhJ3OuEWKlC0N20QZLIApD7P40x81Dw8q7fWp5qychIa-OscPmC0rgdyHu6mN9QqZiBcA4br3R-WAkpC20aKpeSh0S8twiT0b486g=w1218-h913-no?authuser=1\" width=\"640\" height=\"480\" \/><\/a><\/p>\n","protected":false},"excerpt":{"rendered":"<p>Hola fam\u00edlies!!! Aquest dilluns, 21 de mar\u00e7, hem iniciat el Projecte Interdisciplinar Emprenedor a l&#8217;escola. El t\u00edtol \u00e9s: Estanys, Aro i Acci\u00f3. Farem diverses activitats on treballarem qu\u00e8 \u00e9s, qu\u00e8 necessitem i com ens fa sentir el cinema. La primera activitat que hem portat a terme amb els nens i nenes d&#8217;Educaci\u00f3 Infantil \u00e9s l&#8217;impacte [&hellip;]<\/p>\n","protected":false},"author":55,"featured_media":0,"comment_status":"open","ping_status":"closed","sticky":false,"template":"","format":"standard","meta":{"_bbp_topic_count":0,"_bbp_reply_count":0,"_bbp_total_topic_count":0,"_bbp_total_reply_count":0,"_bbp_voice_count":0,"_bbp_anonymous_reply_count":0,"_bbp_topic_count_hidden":0,"_bbp_reply_count_hidden":0,"_bbp_forum_subforum_count":0,"site-sidebar-layout":"default","site-content-layout":"","ast-site-content-layout":"","site-content-style":"default","site-sidebar-style":"default","ast-global-header-display":"","ast-banner-title-visibility":"","ast-main-header-display":"","ast-hfb-above-header-display":"","ast-hfb-below-header-display":"","ast-hfb-mobile-header-display":"","site-post-title":"","ast-breadcrumbs-content":"","ast-featured-img":"","footer-sml-layout":"","theme-transparent-header-meta":"","adv-header-id-meta":"","stick-header-meta":"","header-above-stick-meta":"","header-main-stick-meta":"","header-below-stick-meta":"","astra-migrate-meta-layouts":"default","ast-page-background-enabled":"default","ast-page-background-meta":{"desktop":{"background-color":"var(--ast-global-color-4)","background-image":"","background-repeat":"repeat","background-position":"center center","background-size":"auto","background-attachment":"scroll","background-type":"","background-media":"","overlay-type":"","overlay-color":"","overlay-opacity":"","overlay-gradient":""},"tablet":{"background-color":"","background-image":"","background-repeat":"repeat","background-position":"center center","background-size":"auto","background-attachment":"scroll","background-type":"","background-media":"","overlay-type":"","overlay-color":"","overlay-opacity":"","overlay-gradient":""},"mobile":{"background-color":"","background-image":"","background-repeat":"repeat","background-position":"center center","background-size":"auto","background-attachment":"scroll","background-type":"","background-media":"","overlay-type":"","overlay-color":"","overlay-opacity":"","overlay-gradient":""}},"ast-content-background-meta":{"desktop":{"background-color":"var(--ast-global-color-5)","background-image":"","background-repeat":"repeat","background-position":"center center","background-size":"auto","background-attachment":"scroll","background-type":"","background-media":"","overlay-type":"","overlay-color":"","overlay-opacity":"","overlay-gradient":""},"tablet":{"background-color":"var(--ast-global-color-5)","background-image":"","background-repeat":"repeat","background-position":"center center","background-size":"auto","background-attachment":"scroll","background-type":"","background-media":"","overlay-type":"","overlay-color":"","overlay-opacity":"","overlay-gradient":""},"mobile":{"background-color":"var(--ast-global-color-5)","background-image":"","background-repeat":"repeat","background-position":"center center","background-size":"auto","background-attachment":"scroll","background-type":"","background-media":"","overlay-type":"","overlay-color":"","overlay-opacity":"","overlay-gradient":""}},"footnotes":""},"categories":[674,1,3,8,9,4],"tags":[848,662,849,265],"class_list":["post-22694","post","type-post","status-publish","format-standard","hentry","category-ei","category-general","category-i3","category-i4","category-i5","category-portada","tag-cinema","tag-ei","tag-pellicula","tag-projecte-emprenedor"],"post_mailing_queue_ids":[],"_links":{"self":[{"href":"https:\/\/agora.xtec.cat\/escola-elsestanys\/wp-json\/wp\/v2\/posts\/22694","targetHints":{"allow":["GET"]}}],"collection":[{"href":"https:\/\/agora.xtec.cat\/escola-elsestanys\/wp-json\/wp\/v2\/posts"}],"about":[{"href":"https:\/\/agora.xtec.cat\/escola-elsestanys\/wp-json\/wp\/v2\/types\/post"}],"author":[{"embeddable":true,"href":"https:\/\/agora.xtec.cat\/escola-elsestanys\/wp-json\/wp\/v2\/users\/55"}],"replies":[{"embeddable":true,"href":"https:\/\/agora.xtec.cat\/escola-elsestanys\/wp-json\/wp\/v2\/comments?post=22694"}],"version-history":[{"count":2,"href":"https:\/\/agora.xtec.cat\/escola-elsestanys\/wp-json\/wp\/v2\/posts\/22694\/revisions"}],"predecessor-version":[{"id":22698,"href":"https:\/\/agora.xtec.cat\/escola-elsestanys\/wp-json\/wp\/v2\/posts\/22694\/revisions\/22698"}],"wp:attachment":[{"href":"https:\/\/agora.xtec.cat\/escola-elsestanys\/wp-json\/wp\/v2\/media?parent=22694"}],"wp:term":[{"taxonomy":"category","embeddable":true,"href":"https:\/\/agora.xtec.cat\/escola-elsestanys\/wp-json\/wp\/v2\/categories?post=22694"},{"taxonomy":"post_tag","embeddable":true,"href":"https:\/\/agora.xtec.cat\/escola-elsestanys\/wp-json\/wp\/v2\/tags?post=22694"}],"curies":[{"name":"wp","href":"https:\/\/api.w.org\/{rel}","templated":true}]}}