{"id":22636,"date":"2022-03-10T12:16:54","date_gmt":"2022-03-10T11:16:54","guid":{"rendered":"https:\/\/agora.xtec.cat\/escola-elsestanys\/?p=22636"},"modified":"2022-03-10T12:16:54","modified_gmt":"2022-03-10T11:16:54","slug":"edicio-fotografia-a-cicle-mitja","status":"publish","type":"post","link":"https:\/\/agora.xtec.cat\/escola-elsestanys\/general\/edicio-fotografia-a-cicle-mitja\/","title":{"rendered":"Edici\u00f3 fotografia a Cicle Mitj\u00e0"},"content":{"rendered":"<p>Amb l&#8217;alumnat de cicle mitj\u00e0 hem treballat el llenguatge audiovisual a trav\u00e9s d&#8217;un dossier resum i de fer fotos amb les tauletes.<\/p>\n<p>Llavors tamb\u00e9 hem editat algunes fotos.<\/p>\n<p><a href=\"https:\/\/lh3.googleusercontent.com\/TUc7G40hqZU9zbBJ1EvfR2D8M9GsVC9fJ9CP14QFbqLeXnC9Kzc1eviO3LHJ85NZ8n8kHtJhYoTCwS2Tfnb4ZmjLuqjMv8JkcafE3BxTu4QKm9qlgBgFeqpFOpHDZ89kgADwkk7Mb8iXtnL5Aum6ShgY0ytkCKnwP4myLW4v45NSTHHI5O1Of4aMQsc17aKAicXnx0zW8DG6pG9F3uVntb6VyNJtAZXpLgShiHDOFIhc72gDEH7RV_sSRxN7X8e_ybS7Jc884khPmWqiD9iutKZwBlgwgO4OGShBsGuEn2JZSDC2zK2hYlEuW1xvVDQ4ZgEY6ntPH4X2j_19hZ_E3oqfwTRyBMMfu-AFVAatrU4h0swkBGkbYisUaU1vegTJY_FInVOO4DOcgSeViJ1T3Qkht6xaSpcroQNszqykYUNvOaZs0uUtY2bV5mWwF7wRBoiUlKEpEAJI4xlwf-aGh7OtbNGGwj6iQ9oWFuwgpofy7nKGMvVLeN7ISKCUSrKW8W8jNbzgeX2VZaoP9qzxuBqFW3CBNhYLc14bjCic_ftWlJVJtmcYnlv4fRmvCkjnrL0_fLKxLsUzG7VO0W1ntzL_B4-drOB5L0dYlqpfPJWBMrfpDOGK0LtFlZ1IGDaGDcfXLy4i23XM67nJW-wRFXr5chN83iMYnWQ-j_RWrU-MD7l1OeBphpRKpKqTvDxWEbAbogycNw07PVN094wBpKY=w876-h657-no?authuser=2\" target=\"_blank\" rel=\"noopener\"><img loading=\"lazy\" decoding=\"async\" class=\"alignnone\" src=\"https:\/\/lh3.googleusercontent.com\/TUc7G40hqZU9zbBJ1EvfR2D8M9GsVC9fJ9CP14QFbqLeXnC9Kzc1eviO3LHJ85NZ8n8kHtJhYoTCwS2Tfnb4ZmjLuqjMv8JkcafE3BxTu4QKm9qlgBgFeqpFOpHDZ89kgADwkk7Mb8iXtnL5Aum6ShgY0ytkCKnwP4myLW4v45NSTHHI5O1Of4aMQsc17aKAicXnx0zW8DG6pG9F3uVntb6VyNJtAZXpLgShiHDOFIhc72gDEH7RV_sSRxN7X8e_ybS7Jc884khPmWqiD9iutKZwBlgwgO4OGShBsGuEn2JZSDC2zK2hYlEuW1xvVDQ4ZgEY6ntPH4X2j_19hZ_E3oqfwTRyBMMfu-AFVAatrU4h0swkBGkbYisUaU1vegTJY_FInVOO4DOcgSeViJ1T3Qkht6xaSpcroQNszqykYUNvOaZs0uUtY2bV5mWwF7wRBoiUlKEpEAJI4xlwf-aGh7OtbNGGwj6iQ9oWFuwgpofy7nKGMvVLeN7ISKCUSrKW8W8jNbzgeX2VZaoP9qzxuBqFW3CBNhYLc14bjCic_ftWlJVJtmcYnlv4fRmvCkjnrL0_fLKxLsUzG7VO0W1ntzL_B4-drOB5L0dYlqpfPJWBMrfpDOGK0LtFlZ1IGDaGDcfXLy4i23XM67nJW-wRFXr5chN83iMYnWQ-j_RWrU-MD7l1OeBphpRKpKqTvDxWEbAbogycNw07PVN094wBpKY=w876-h657-no?authuser=2\" alt=\"\" width=\"640\" height=\"480\" \/><\/a><\/p>\n","protected":false},"excerpt":{"rendered":"<p>Amb l&#8217;alumnat de cicle mitj\u00e0 hem treballat el llenguatge audiovisual a trav\u00e9s d&#8217;un dossier resum i de fer fotos amb les tauletes. Llavors tamb\u00e9 hem editat algunes fotos.<\/p>\n","protected":false},"author":124,"featured_media":0,"comment_status":"open","ping_status":"closed","sticky":false,"template":"","format":"standard","meta":{"_bbp_topic_count":0,"_bbp_reply_count":0,"_bbp_total_topic_count":0,"_bbp_total_reply_count":0,"_bbp_voice_count":0,"_bbp_anonymous_reply_count":0,"_bbp_topic_count_hidden":0,"_bbp_reply_count_hidden":0,"_bbp_forum_subforum_count":0,"site-sidebar-layout":"default","site-content-layout":"","ast-site-content-layout":"","site-content-style":"default","site-sidebar-style":"default","ast-global-header-display":"","ast-banner-title-visibility":"","ast-main-header-display":"","ast-hfb-above-header-display":"","ast-hfb-below-header-display":"","ast-hfb-mobile-header-display":"","site-post-title":"","ast-breadcrumbs-content":"","ast-featured-img":"","footer-sml-layout":"","theme-transparent-header-meta":"","adv-header-id-meta":"","stick-header-meta":"","header-above-stick-meta":"","header-main-stick-meta":"","header-below-stick-meta":"","astra-migrate-meta-layouts":"default","ast-page-background-enabled":"default","ast-page-background-meta":{"desktop":{"background-color":"var(--ast-global-color-4)","background-image":"","background-repeat":"repeat","background-position":"center center","background-size":"auto","background-attachment":"scroll","background-type":"","background-media":"","overlay-type":"","overlay-color":"","overlay-opacity":"","overlay-gradient":""},"tablet":{"background-color":"","background-image":"","background-repeat":"repeat","background-position":"center center","background-size":"auto","background-attachment":"scroll","background-type":"","background-media":"","overlay-type":"","overlay-color":"","overlay-opacity":"","overlay-gradient":""},"mobile":{"background-color":"","background-image":"","background-repeat":"repeat","background-position":"center center","background-size":"auto","background-attachment":"scroll","background-type":"","background-media":"","overlay-type":"","overlay-color":"","overlay-opacity":"","overlay-gradient":""}},"ast-content-background-meta":{"desktop":{"background-color":"var(--ast-global-color-5)","background-image":"","background-repeat":"repeat","background-position":"center center","background-size":"auto","background-attachment":"scroll","background-type":"","background-media":"","overlay-type":"","overlay-color":"","overlay-opacity":"","overlay-gradient":""},"tablet":{"background-color":"var(--ast-global-color-5)","background-image":"","background-repeat":"repeat","background-position":"center center","background-size":"auto","background-attachment":"scroll","background-type":"","background-media":"","overlay-type":"","overlay-color":"","overlay-opacity":"","overlay-gradient":""},"mobile":{"background-color":"var(--ast-global-color-5)","background-image":"","background-repeat":"repeat","background-position":"center center","background-size":"auto","background-attachment":"scroll","background-type":"","background-media":"","overlay-type":"","overlay-color":"","overlay-opacity":"","overlay-gradient":""}},"footnotes":""},"categories":[12,13,676,1,4],"tags":[],"class_list":["post-22636","post","type-post","status-publish","format-standard","hentry","category-3r","category-4t","category-cm","category-general","category-portada"],"post_mailing_queue_ids":[],"_links":{"self":[{"href":"https:\/\/agora.xtec.cat\/escola-elsestanys\/wp-json\/wp\/v2\/posts\/22636","targetHints":{"allow":["GET"]}}],"collection":[{"href":"https:\/\/agora.xtec.cat\/escola-elsestanys\/wp-json\/wp\/v2\/posts"}],"about":[{"href":"https:\/\/agora.xtec.cat\/escola-elsestanys\/wp-json\/wp\/v2\/types\/post"}],"author":[{"embeddable":true,"href":"https:\/\/agora.xtec.cat\/escola-elsestanys\/wp-json\/wp\/v2\/users\/124"}],"replies":[{"embeddable":true,"href":"https:\/\/agora.xtec.cat\/escola-elsestanys\/wp-json\/wp\/v2\/comments?post=22636"}],"version-history":[{"count":1,"href":"https:\/\/agora.xtec.cat\/escola-elsestanys\/wp-json\/wp\/v2\/posts\/22636\/revisions"}],"predecessor-version":[{"id":22637,"href":"https:\/\/agora.xtec.cat\/escola-elsestanys\/wp-json\/wp\/v2\/posts\/22636\/revisions\/22637"}],"wp:attachment":[{"href":"https:\/\/agora.xtec.cat\/escola-elsestanys\/wp-json\/wp\/v2\/media?parent=22636"}],"wp:term":[{"taxonomy":"category","embeddable":true,"href":"https:\/\/agora.xtec.cat\/escola-elsestanys\/wp-json\/wp\/v2\/categories?post=22636"},{"taxonomy":"post_tag","embeddable":true,"href":"https:\/\/agora.xtec.cat\/escola-elsestanys\/wp-json\/wp\/v2\/tags?post=22636"}],"curies":[{"name":"wp","href":"https:\/\/api.w.org\/{rel}","templated":true}]}}