{"id":22543,"date":"2022-02-10T16:08:34","date_gmt":"2022-02-10T15:08:34","guid":{"rendered":"https:\/\/agora.xtec.cat\/escola-elsestanys\/?p=22543"},"modified":"2022-02-10T16:08:34","modified_gmt":"2022-02-10T15:08:34","slug":"xix-premi-pilarin-bayes","status":"publish","type":"post","link":"https:\/\/agora.xtec.cat\/escola-elsestanys\/general\/xix-premi-pilarin-bayes\/","title":{"rendered":"XIX PREMI PILAR\u00cdN BAY\u00c9S"},"content":{"rendered":"<p>Els alumnes de cicle mitj\u00e0 i de cicle superior han participat al XIX premi de contes Pilar\u00edn Bay\u00e9s. La tem\u00e0tica d&#8217;aquest any \u00e9s La salut mental, el benestar emocional de gran i petits. A les aules, abans de comen\u00e7ar a escriure els contes s&#8217;ha parlat d&#8217;emocions, de malalties, de diversitat. Cada curs ha decidit el seu conte\u00a0 finalista i un jurat format per mestres de l&#8217;escola ha triat el conte guanyador.<\/p>\n<p>De la categoria de Cicle Mitj\u00e0 la guanyadora ha estat: l&#8217;Anna Rodr\u00edguez i de Cicle Superior el guanyador ha estat l&#8217;Adri\u00e0 S\u00e1nchez. Enhorabona als finalistes i als guanyadors!!!!<\/p>\n<p>A la fotografia podeu veure els finalistes de cada aula i els guanyadors<\/p>\n<p><a href=\"https:\/\/photos.app.goo.gl\/w7jfrajMusL6bjHU7\" target=\"_blank\" rel=\"noopener\"><img loading=\"lazy\" decoding=\"async\" class=\"alignleft\" src=\"https:\/\/lh3.googleusercontent.com\/pw\/AM-JKLXrRnXenWQUSy4kCBcCYqo9CPyq70LWPt5JfmfkrAG5Dd7fec164sONISy7mEvfMocrhzDLPzJ_pELNMJKQn6pktZR--DH3_kyWziL76KSfbTPkNSpZtNy-fdLFsvpwnjDnugeQ4umgHbx0JS1zwtVU=w976-h732-no?authuser=1\" alt=\"\" width=\"640\" height=\"480\" \/><\/a><\/p>\n","protected":false},"excerpt":{"rendered":"<p>Els alumnes de cicle mitj\u00e0 i de cicle superior han participat al XIX premi de contes Pilar\u00edn Bay\u00e9s. La tem\u00e0tica d&#8217;aquest any \u00e9s La salut mental, el benestar emocional de gran i petits. A les aules, abans de comen\u00e7ar a escriure els contes s&#8217;ha parlat d&#8217;emocions, de malalties, de diversitat. Cada curs ha decidit el [&hellip;]<\/p>\n","protected":false},"author":29,"featured_media":0,"comment_status":"open","ping_status":"closed","sticky":false,"template":"","format":"standard","meta":{"_bbp_topic_count":0,"_bbp_reply_count":0,"_bbp_total_topic_count":0,"_bbp_total_reply_count":0,"_bbp_voice_count":0,"_bbp_anonymous_reply_count":0,"_bbp_topic_count_hidden":0,"_bbp_reply_count_hidden":0,"_bbp_forum_subforum_count":0,"site-sidebar-layout":"default","site-content-layout":"","ast-site-content-layout":"","site-content-style":"default","site-sidebar-style":"default","ast-global-header-display":"","ast-banner-title-visibility":"","ast-main-header-display":"","ast-hfb-above-header-display":"","ast-hfb-below-header-display":"","ast-hfb-mobile-header-display":"","site-post-title":"","ast-breadcrumbs-content":"","ast-featured-img":"","footer-sml-layout":"","theme-transparent-header-meta":"","adv-header-id-meta":"","stick-header-meta":"","header-above-stick-meta":"","header-main-stick-meta":"","header-below-stick-meta":"","astra-migrate-meta-layouts":"default","ast-page-background-enabled":"default","ast-page-background-meta":{"desktop":{"background-color":"var(--ast-global-color-4)","background-image":"","background-repeat":"repeat","background-position":"center center","background-size":"auto","background-attachment":"scroll","background-type":"","background-media":"","overlay-type":"","overlay-color":"","overlay-opacity":"","overlay-gradient":""},"tablet":{"background-color":"","background-image":"","background-repeat":"repeat","background-position":"center center","background-size":"auto","background-attachment":"scroll","background-type":"","background-media":"","overlay-type":"","overlay-color":"","overlay-opacity":"","overlay-gradient":""},"mobile":{"background-color":"","background-image":"","background-repeat":"repeat","background-position":"center center","background-size":"auto","background-attachment":"scroll","background-type":"","background-media":"","overlay-type":"","overlay-color":"","overlay-opacity":"","overlay-gradient":""}},"ast-content-background-meta":{"desktop":{"background-color":"var(--ast-global-color-5)","background-image":"","background-repeat":"repeat","background-position":"center center","background-size":"auto","background-attachment":"scroll","background-type":"","background-media":"","overlay-type":"","overlay-color":"","overlay-opacity":"","overlay-gradient":""},"tablet":{"background-color":"var(--ast-global-color-5)","background-image":"","background-repeat":"repeat","background-position":"center center","background-size":"auto","background-attachment":"scroll","background-type":"","background-media":"","overlay-type":"","overlay-color":"","overlay-opacity":"","overlay-gradient":""},"mobile":{"background-color":"var(--ast-global-color-5)","background-image":"","background-repeat":"repeat","background-position":"center center","background-size":"auto","background-attachment":"scroll","background-type":"","background-media":"","overlay-type":"","overlay-color":"","overlay-opacity":"","overlay-gradient":""}},"footnotes":""},"categories":[676,677,1,4,5],"tags":[88,33,655],"class_list":["post-22543","post","type-post","status-publish","format-standard","hentry","category-cm","category-cs","category-general","category-portada","category-primaria","tag-cicle-mitja","tag-cicle-superior","tag-concursos"],"post_mailing_queue_ids":[],"_links":{"self":[{"href":"https:\/\/agora.xtec.cat\/escola-elsestanys\/wp-json\/wp\/v2\/posts\/22543","targetHints":{"allow":["GET"]}}],"collection":[{"href":"https:\/\/agora.xtec.cat\/escola-elsestanys\/wp-json\/wp\/v2\/posts"}],"about":[{"href":"https:\/\/agora.xtec.cat\/escola-elsestanys\/wp-json\/wp\/v2\/types\/post"}],"author":[{"embeddable":true,"href":"https:\/\/agora.xtec.cat\/escola-elsestanys\/wp-json\/wp\/v2\/users\/29"}],"replies":[{"embeddable":true,"href":"https:\/\/agora.xtec.cat\/escola-elsestanys\/wp-json\/wp\/v2\/comments?post=22543"}],"version-history":[{"count":1,"href":"https:\/\/agora.xtec.cat\/escola-elsestanys\/wp-json\/wp\/v2\/posts\/22543\/revisions"}],"predecessor-version":[{"id":22544,"href":"https:\/\/agora.xtec.cat\/escola-elsestanys\/wp-json\/wp\/v2\/posts\/22543\/revisions\/22544"}],"wp:attachment":[{"href":"https:\/\/agora.xtec.cat\/escola-elsestanys\/wp-json\/wp\/v2\/media?parent=22543"}],"wp:term":[{"taxonomy":"category","embeddable":true,"href":"https:\/\/agora.xtec.cat\/escola-elsestanys\/wp-json\/wp\/v2\/categories?post=22543"},{"taxonomy":"post_tag","embeddable":true,"href":"https:\/\/agora.xtec.cat\/escola-elsestanys\/wp-json\/wp\/v2\/tags?post=22543"}],"curies":[{"name":"wp","href":"https:\/\/api.w.org\/{rel}","templated":true}]}}