{"id":22506,"date":"2022-02-04T17:22:36","date_gmt":"2022-02-04T16:22:36","guid":{"rendered":"https:\/\/agora.xtec.cat\/escola-elsestanys\/?p=22506"},"modified":"2022-02-04T17:22:36","modified_gmt":"2022-02-04T16:22:36","slug":"xviii-certamen-de-lectura-en-veu-alta-finalistes","status":"publish","type":"post","link":"https:\/\/agora.xtec.cat\/escola-elsestanys\/general\/xviii-certamen-de-lectura-en-veu-alta-finalistes\/","title":{"rendered":"XVIII Certamen de lectura en veu alta. Finalistes"},"content":{"rendered":"<p>Aquest setmana els finalistes de cada categoria han llegit un fragment davant del jurat de l&#8217;escola per saber quins seran els alumnes que ens representaran al XVIII Certamen de lectura en veu alta. Ho han fet molt b\u00e9 i el jurat ha tingut feina.<\/p>\n<p>Els nostres finalistes s\u00f3n:<\/p>\n<p>Categoria Grumets vermells (CM): Thian Mart\u00edn, Elies Mart\u00ed (finalista), Lucia Sillero i Leo Maristany (guanyador)<\/p>\n<p>Categoria Grumets verds (CS): Gerard Jurca, Elisa Rosioru, Agust\u00edn Gagliano (finalista), Ana\u00efs Varela (guanyadora) i Alejandro Mart\u00ednez<\/p>\n<p>Categoria Timoners (Aula d&#8217;acollida): Izel Arlet (guanyadora) Martir, Anibal Linarez (finalista), Sofiya Chekmarova.<\/p>\n<p>Enhorabona a tots i a totes!!!!!<\/p>\n<p><a href=\"https:\/\/photos.app.goo.gl\/2NsE7bxMMvseqHNx9\" target=\"_blank\" rel=\"noopener\"><img loading=\"lazy\" decoding=\"async\" class=\"alignleft\" src=\"https:\/\/lh3.googleusercontent.com\/pw\/AM-JKLVFlQAYcH6HKzVHvFXTzFdd45mLw5ttYvkn33bUsusVZTJA4Tq3Q6_wDuXsoKzdGCh8geu2GP1ujUjx_mv0qCQdmNQ_o5OJdMqwBHIDxxmOcgJ9L7URqvNvwDxgXHnkNZbNjSbMd-enM9Z2StsJQ2Mb=w1024-h768-no?authuser=0\" alt=\"\" width=\"640\" height=\"480\" \/><\/a><\/p>\n<p>&nbsp;<\/p>\n<p>&nbsp;<\/p>\n","protected":false},"excerpt":{"rendered":"<p>Aquest setmana els finalistes de cada categoria han llegit un fragment davant del jurat de l&#8217;escola per saber quins seran els alumnes que ens representaran al XVIII Certamen de lectura en veu alta. Ho han fet molt b\u00e9 i el jurat ha tingut feina. Els nostres finalistes s\u00f3n: Categoria Grumets vermells (CM): Thian Mart\u00edn, Elies [&hellip;]<\/p>\n","protected":false},"author":29,"featured_media":0,"comment_status":"open","ping_status":"closed","sticky":false,"template":"","format":"standard","meta":{"_bbp_topic_count":0,"_bbp_reply_count":0,"_bbp_total_topic_count":0,"_bbp_total_reply_count":0,"_bbp_voice_count":0,"_bbp_anonymous_reply_count":0,"_bbp_topic_count_hidden":0,"_bbp_reply_count_hidden":0,"_bbp_forum_subforum_count":0,"site-sidebar-layout":"default","site-content-layout":"","ast-site-content-layout":"","site-content-style":"default","site-sidebar-style":"default","ast-global-header-display":"","ast-banner-title-visibility":"","ast-main-header-display":"","ast-hfb-above-header-display":"","ast-hfb-below-header-display":"","ast-hfb-mobile-header-display":"","site-post-title":"","ast-breadcrumbs-content":"","ast-featured-img":"","footer-sml-layout":"","theme-transparent-header-meta":"","adv-header-id-meta":"","stick-header-meta":"","header-above-stick-meta":"","header-main-stick-meta":"","header-below-stick-meta":"","astra-migrate-meta-layouts":"default","ast-page-background-enabled":"default","ast-page-background-meta":{"desktop":{"background-color":"var(--ast-global-color-4)","background-image":"","background-repeat":"repeat","background-position":"center center","background-size":"auto","background-attachment":"scroll","background-type":"","background-media":"","overlay-type":"","overlay-color":"","overlay-opacity":"","overlay-gradient":""},"tablet":{"background-color":"","background-image":"","background-repeat":"repeat","background-position":"center center","background-size":"auto","background-attachment":"scroll","background-type":"","background-media":"","overlay-type":"","overlay-color":"","overlay-opacity":"","overlay-gradient":""},"mobile":{"background-color":"","background-image":"","background-repeat":"repeat","background-position":"center center","background-size":"auto","background-attachment":"scroll","background-type":"","background-media":"","overlay-type":"","overlay-color":"","overlay-opacity":"","overlay-gradient":""}},"ast-content-background-meta":{"desktop":{"background-color":"var(--ast-global-color-5)","background-image":"","background-repeat":"repeat","background-position":"center center","background-size":"auto","background-attachment":"scroll","background-type":"","background-media":"","overlay-type":"","overlay-color":"","overlay-opacity":"","overlay-gradient":""},"tablet":{"background-color":"var(--ast-global-color-5)","background-image":"","background-repeat":"repeat","background-position":"center center","background-size":"auto","background-attachment":"scroll","background-type":"","background-media":"","overlay-type":"","overlay-color":"","overlay-opacity":"","overlay-gradient":""},"mobile":{"background-color":"var(--ast-global-color-5)","background-image":"","background-repeat":"repeat","background-position":"center center","background-size":"auto","background-attachment":"scroll","background-type":"","background-media":"","overlay-type":"","overlay-color":"","overlay-opacity":"","overlay-gradient":""}},"footnotes":""},"categories":[676,677,1,4,5],"tags":[454,652,88,33,655],"class_list":["post-22506","post","type-post","status-publish","format-standard","hentry","category-cm","category-cs","category-general","category-portada","category-primaria","tag-aula-dacollida","tag-certamen-lectura-en-veu-alta","tag-cicle-mitja","tag-cicle-superior","tag-concursos"],"post_mailing_queue_ids":[],"_links":{"self":[{"href":"https:\/\/agora.xtec.cat\/escola-elsestanys\/wp-json\/wp\/v2\/posts\/22506","targetHints":{"allow":["GET"]}}],"collection":[{"href":"https:\/\/agora.xtec.cat\/escola-elsestanys\/wp-json\/wp\/v2\/posts"}],"about":[{"href":"https:\/\/agora.xtec.cat\/escola-elsestanys\/wp-json\/wp\/v2\/types\/post"}],"author":[{"embeddable":true,"href":"https:\/\/agora.xtec.cat\/escola-elsestanys\/wp-json\/wp\/v2\/users\/29"}],"replies":[{"embeddable":true,"href":"https:\/\/agora.xtec.cat\/escola-elsestanys\/wp-json\/wp\/v2\/comments?post=22506"}],"version-history":[{"count":1,"href":"https:\/\/agora.xtec.cat\/escola-elsestanys\/wp-json\/wp\/v2\/posts\/22506\/revisions"}],"predecessor-version":[{"id":22507,"href":"https:\/\/agora.xtec.cat\/escola-elsestanys\/wp-json\/wp\/v2\/posts\/22506\/revisions\/22507"}],"wp:attachment":[{"href":"https:\/\/agora.xtec.cat\/escola-elsestanys\/wp-json\/wp\/v2\/media?parent=22506"}],"wp:term":[{"taxonomy":"category","embeddable":true,"href":"https:\/\/agora.xtec.cat\/escola-elsestanys\/wp-json\/wp\/v2\/categories?post=22506"},{"taxonomy":"post_tag","embeddable":true,"href":"https:\/\/agora.xtec.cat\/escola-elsestanys\/wp-json\/wp\/v2\/tags?post=22506"}],"curies":[{"name":"wp","href":"https:\/\/api.w.org\/{rel}","templated":true}]}}