{"id":22025,"date":"2021-11-02T10:25:49","date_gmt":"2021-11-02T09:25:49","guid":{"rendered":"https:\/\/agora.xtec.cat\/escola-elsestanys\/?p=22025"},"modified":"2021-11-02T10:25:49","modified_gmt":"2021-11-02T09:25:49","slug":"eleccions-per-la-renovacio-del-consell-escolar-2021","status":"publish","type":"post","link":"https:\/\/agora.xtec.cat\/escola-elsestanys\/general\/eleccions-per-la-renovacio-del-consell-escolar-2021\/","title":{"rendered":"ELECCIONS PER LA RENOVACI\u00d3 DEL CONSELL ESCOLAR 2021"},"content":{"rendered":"<p><span style=\"font-weight: 400;\">El Consell Escolar \u00e9s l\u2019\u00f2rgan de participaci\u00f3 de la comunitat educativa en el govern dels centres escolars. \u00c9s per aix\u00f2 que us volem encoratjar per a que hi participeu presentant-vos.\u00a0<\/span><\/p>\n<p><span style=\"font-weight: 400;\">Aquelles persones que estiguin interessades a formar part del Consell Escolar cal que contacteu amb direcci\u00f3\/secretaria.<\/span><\/p>\n<p><span style=\"font-weight: 400;\">Aquest any cal renovar una part del sector mares\/pares. <\/span><b>El nombre total de persones a renovar \u00e9s de 4.\u00a0<\/b><\/p>\n<p><b>CALENDARI<\/b><\/p>\n<p><span style=\"font-weight: 400;\">2 de novembre<\/span> <span style=\"font-weight: 400;\"> \u00a0 \u00a0 \u00a0 \u00a0 \u00a0 Convocat\u00f2ria d\u2019eleccions\/Publicaci\u00f3 de vacants<\/span><\/p>\n<p><span style=\"font-weight: 400;\">3 de novembre<\/span>\u00a0 \u00a0 \u00a0 \u00a0 \u00a0 \u00a0 <span style=\"font-weight: 400;\">Publicaci\u00f3 del cens electoral\u00a0 (entrada de secretaria)<\/span><\/p>\n<p><span style=\"font-weight: 400;\">3, 4\u00a0 i 5 de novembre<\/span>\u00a0 \u00a0<span style=\"font-weight: 400;\">Reclamacions al cens electoral<\/span><\/p>\n<p><span style=\"font-weight: 400;\">8 de novembre<\/span>\u00a0 \u00a0 \u00a0 \u00a0 \u00a0 \u00a0 <span style=\"font-weight: 400;\">Aprovaci\u00f3 i publicaci\u00f3 del cens definitiu\/<\/span><span style=\"font-weight: 400;\">Sorteig per tal de designar els vocals de les meses<\/span><\/p>\n<p><span style=\"font-weight: 400;\">10 de novembre<\/span>\u00a0 \u00a0 \u00a0 \u00a0 \u00a0 <span style=\"font-weight: 400;\">Constituci\u00f3 de les meses electorals<\/span><\/p>\n<p><span style=\"font-weight: 400;\">Del 12 al 16 de novembre<\/span> <span style=\"font-weight: 400;\">Presentaci\u00f3 de candidatures.\u00a0<\/span><span style=\"font-weight: 400;\">Les persones interessades per ser candidates de qualsevol sector han de passar per direcci\u00f3\/secretaria i recollir l\u2019impr\u00e8s oficial que han d\u2019omplir per presentar la candidatura<\/span><\/p>\n<p><span style=\"font-weight: 400;\">17 de novembre<\/span> <span style=\"font-weight: 400;\">Publicaci\u00f3 candidatures i supervisors (si s\u2019escau)<\/span><\/p>\n<p><b>22 de novembre<\/b> <b>Votaci\u00f3 del sector mares\/pares.<\/b><b>\u00a0De les 8:30h a les 16:15h\u00a0<\/b><\/p>\n<p><span style=\"font-weight: 400;\">1 de desembre<\/span> <span style=\"font-weight: 400;\">Constituci\u00f3 del Consell Escolar Resultant<\/span><\/p>\n<ul>\n<li style=\"font-weight: 400;\" aria-level=\"1\"><span style=\"font-weight: 400;\">Cada elector podr\u00e0 votar un nombre m\u00e0xim de 4 representants en el sector mares\/pares.<\/span><\/li>\n<li style=\"font-weight: 400;\" aria-level=\"1\"><span style=\"font-weight: 400;\">Finalitzades les votacions, en sessi\u00f3 p\u00fablica, es faran els escrutinis dels vots emesos i posteriorment es proclamaran els candidats electes de cada sector.<\/span><\/li>\n<li style=\"font-weight: 400;\" aria-level=\"1\"><span style=\"font-weight: 400;\">Les meses electorals respectives resoldran qualsevol dubte i les reclamacions que puguin presentar-se.<\/span><\/li>\n<li style=\"font-weight: 400;\" aria-level=\"1\"><span style=\"font-weight: 400;\">Poden votar tots els mares i pares, tutors i tutores dels alumnes matriculats al centre.\u00a0<\/span><\/li>\n<li style=\"font-weight: 400;\" aria-level=\"1\"><span style=\"font-weight: 400;\">Per poder votar s\u2019ha de presentar el DNI, passaport, perm\u00eds de conduir o targeta de resid\u00e8ncia.<\/span><\/li>\n<\/ul>\n","protected":false},"excerpt":{"rendered":"<p>El Consell Escolar \u00e9s l\u2019\u00f2rgan de participaci\u00f3 de la comunitat educativa en el govern dels centres escolars. \u00c9s per aix\u00f2 que us volem encoratjar per a que hi participeu presentant-vos.\u00a0 Aquelles persones que estiguin interessades a formar part del Consell Escolar cal que contacteu amb direcci\u00f3\/secretaria. Aquest any cal renovar una part del sector mares\/pares. [&hellip;]<\/p>\n","protected":false},"author":29,"featured_media":0,"comment_status":"open","ping_status":"closed","sticky":false,"template":"","format":"standard","meta":{"_bbp_topic_count":0,"_bbp_reply_count":0,"_bbp_total_topic_count":0,"_bbp_total_reply_count":0,"_bbp_voice_count":0,"_bbp_anonymous_reply_count":0,"_bbp_topic_count_hidden":0,"_bbp_reply_count_hidden":0,"_bbp_forum_subforum_count":0,"site-sidebar-layout":"default","site-content-layout":"","ast-site-content-layout":"","site-content-style":"default","site-sidebar-style":"default","ast-global-header-display":"","ast-banner-title-visibility":"","ast-main-header-display":"","ast-hfb-above-header-display":"","ast-hfb-below-header-display":"","ast-hfb-mobile-header-display":"","site-post-title":"","ast-breadcrumbs-content":"","ast-featured-img":"","footer-sml-layout":"","theme-transparent-header-meta":"","adv-header-id-meta":"","stick-header-meta":"","header-above-stick-meta":"","header-main-stick-meta":"","header-below-stick-meta":"","astra-migrate-meta-layouts":"default","ast-page-background-enabled":"default","ast-page-background-meta":{"desktop":{"background-color":"var(--ast-global-color-4)","background-image":"","background-repeat":"repeat","background-position":"center center","background-size":"auto","background-attachment":"scroll","background-type":"","background-media":"","overlay-type":"","overlay-color":"","overlay-opacity":"","overlay-gradient":""},"tablet":{"background-color":"","background-image":"","background-repeat":"repeat","background-position":"center center","background-size":"auto","background-attachment":"scroll","background-type":"","background-media":"","overlay-type":"","overlay-color":"","overlay-opacity":"","overlay-gradient":""},"mobile":{"background-color":"","background-image":"","background-repeat":"repeat","background-position":"center center","background-size":"auto","background-attachment":"scroll","background-type":"","background-media":"","overlay-type":"","overlay-color":"","overlay-opacity":"","overlay-gradient":""}},"ast-content-background-meta":{"desktop":{"background-color":"var(--ast-global-color-5)","background-image":"","background-repeat":"repeat","background-position":"center center","background-size":"auto","background-attachment":"scroll","background-type":"","background-media":"","overlay-type":"","overlay-color":"","overlay-opacity":"","overlay-gradient":""},"tablet":{"background-color":"var(--ast-global-color-5)","background-image":"","background-repeat":"repeat","background-position":"center center","background-size":"auto","background-attachment":"scroll","background-type":"","background-media":"","overlay-type":"","overlay-color":"","overlay-opacity":"","overlay-gradient":""},"mobile":{"background-color":"var(--ast-global-color-5)","background-image":"","background-repeat":"repeat","background-position":"center center","background-size":"auto","background-attachment":"scroll","background-type":"","background-media":"","overlay-type":"","overlay-color":"","overlay-opacity":"","overlay-gradient":""}},"footnotes":""},"categories":[1,4],"tags":[85,505],"class_list":["post-22025","post","type-post","status-publish","format-standard","hentry","category-general","category-portada","tag-consell-escolar","tag-escola-els-estanys"],"post_mailing_queue_ids":[],"_links":{"self":[{"href":"https:\/\/agora.xtec.cat\/escola-elsestanys\/wp-json\/wp\/v2\/posts\/22025","targetHints":{"allow":["GET"]}}],"collection":[{"href":"https:\/\/agora.xtec.cat\/escola-elsestanys\/wp-json\/wp\/v2\/posts"}],"about":[{"href":"https:\/\/agora.xtec.cat\/escola-elsestanys\/wp-json\/wp\/v2\/types\/post"}],"author":[{"embeddable":true,"href":"https:\/\/agora.xtec.cat\/escola-elsestanys\/wp-json\/wp\/v2\/users\/29"}],"replies":[{"embeddable":true,"href":"https:\/\/agora.xtec.cat\/escola-elsestanys\/wp-json\/wp\/v2\/comments?post=22025"}],"version-history":[{"count":1,"href":"https:\/\/agora.xtec.cat\/escola-elsestanys\/wp-json\/wp\/v2\/posts\/22025\/revisions"}],"predecessor-version":[{"id":22026,"href":"https:\/\/agora.xtec.cat\/escola-elsestanys\/wp-json\/wp\/v2\/posts\/22025\/revisions\/22026"}],"wp:attachment":[{"href":"https:\/\/agora.xtec.cat\/escola-elsestanys\/wp-json\/wp\/v2\/media?parent=22025"}],"wp:term":[{"taxonomy":"category","embeddable":true,"href":"https:\/\/agora.xtec.cat\/escola-elsestanys\/wp-json\/wp\/v2\/categories?post=22025"},{"taxonomy":"post_tag","embeddable":true,"href":"https:\/\/agora.xtec.cat\/escola-elsestanys\/wp-json\/wp\/v2\/tags?post=22025"}],"curies":[{"name":"wp","href":"https:\/\/api.w.org\/{rel}","templated":true}]}}