{"id":21724,"date":"2021-06-18T14:33:49","date_gmt":"2021-06-18T12:33:49","guid":{"rendered":"http:\/\/agora.xtec.cat\/escola-elsestanys\/?p=21724"},"modified":"2021-06-20T08:25:54","modified_gmt":"2021-06-20T06:25:54","slug":"educacio-infantil-visita-de-la-policia-local","status":"publish","type":"post","link":"https:\/\/agora.xtec.cat\/escola-elsestanys\/ei\/i3\/educacio-infantil-visita-de-la-policia-local\/","title":{"rendered":"Educaci\u00f3 infantil, visita de la policia local."},"content":{"rendered":"<p>La policia local de Platja d&#8217;Aro ens ha vingut a visitar als nens i nenes d&#8217;Educaci\u00f3 Infantil.<br \/>\nHan portat\u00a0les seves motos i ens ho hem passat molt b\u00e9 pujant-hi i encenen les sirenes. Tamb\u00e9 ens han explicat com fan la seva feina.<br \/>\nMoltes gr\u00e0cies per la visita!<\/p>\n<p><a href=\"https:\/\/photos.app.goo.gl\/kdoGRrNm6tuNbLTCA\"><img loading=\"lazy\" decoding=\"async\" class=\"\" src=\"https:\/\/lh3.googleusercontent.com\/LOzzp2kE8zZAZJ8sev37Hydq968ZNiXlWzkBkgNtt9Z26z8YA6HcPFwrxfjla5YKGIkboE3n6FbpgSLIbxkIQrkOoGKye4tjYCzeoMuhQBvRV4arsUyFsEj6tMfgAeWskXP6CmDf_rjccUS9Uk-bgQPDZBmvtms3QG8utEyBovRGksYowsXP4uuq9-90Pwg53tV4X6czNJXXJtl8Z6NAvPdR0D_op06OKpEe8c70gw0fZ8j-TVGpLq_NsFqIu0u6ncyyRH9EHnEHOPft0GQx9xxixRm8koENTA-AEx95dksXASmz_9_E00CeA8nNzZ-h9tPVfP2qkSSf2cZZkUUU7E_BNjhb5P-C4ZFDsZjyy3A1bK5FGqdr0r9ruW0QmGPfFhgWt5AX0TJRm2WeNYGwzXTmJGrIkWbvicJ-dKLhZ2kFAiZbUJEcVmaT0QxLTtbq7nB9c3qqkxiKUFa70rf6VogqMu0-GY1rnRHKkRgKXLQ5Y_ftB6hBvIVkbN4ZJo4f1-MzcBuWSy6ehy-XQTDhPlbq7ewS2R9v-StbaatOtTo72NNXRdd3x1Yv1kDktZyNjJ0WMuBQOP4XHHj2MBKEEQ4KYcqTonPzyLfl1xc7eYJN_-kbCtoD0emgO6uZ5pfwtv79rtoxcuRgD6i13QShYrNP6hBmtHHJHzBpnOC_bOS5frrnGq2kUy3WrtZyOHOdfq7w4yCNRKsU7DAHXT7Q4fp9=w1219-h913-no?authuser=2\" width=\"640\" height=\"480\" \/><\/a><\/p>\n","protected":false},"excerpt":{"rendered":"<p>La policia local de Platja d&#8217;Aro ens ha vingut a visitar als nens i nenes d&#8217;Educaci\u00f3 Infantil. Han portat\u00a0les seves motos i ens ho hem passat molt b\u00e9 pujant-hi i encenen les sirenes. Tamb\u00e9 ens han explicat com fan la seva feina. Moltes gr\u00e0cies per la visita!<\/p>\n","protected":false},"author":1,"featured_media":0,"comment_status":"open","ping_status":"closed","sticky":false,"template":"","format":"standard","meta":{"_bbp_topic_count":0,"_bbp_reply_count":0,"_bbp_total_topic_count":0,"_bbp_total_reply_count":0,"_bbp_voice_count":0,"_bbp_anonymous_reply_count":0,"_bbp_topic_count_hidden":0,"_bbp_reply_count_hidden":0,"_bbp_forum_subforum_count":0,"site-sidebar-layout":"default","site-content-layout":"","ast-site-content-layout":"","site-content-style":"default","site-sidebar-style":"default","ast-global-header-display":"","ast-banner-title-visibility":"","ast-main-header-display":"","ast-hfb-above-header-display":"","ast-hfb-below-header-display":"","ast-hfb-mobile-header-display":"","site-post-title":"","ast-breadcrumbs-content":"","ast-featured-img":"","footer-sml-layout":"","theme-transparent-header-meta":"","adv-header-id-meta":"","stick-header-meta":"","header-above-stick-meta":"","header-main-stick-meta":"","header-below-stick-meta":"","astra-migrate-meta-layouts":"default","ast-page-background-enabled":"default","ast-page-background-meta":{"desktop":{"background-color":"var(--ast-global-color-4)","background-image":"","background-repeat":"repeat","background-position":"center center","background-size":"auto","background-attachment":"scroll","background-type":"","background-media":"","overlay-type":"","overlay-color":"","overlay-opacity":"","overlay-gradient":""},"tablet":{"background-color":"","background-image":"","background-repeat":"repeat","background-position":"center center","background-size":"auto","background-attachment":"scroll","background-type":"","background-media":"","overlay-type":"","overlay-color":"","overlay-opacity":"","overlay-gradient":""},"mobile":{"background-color":"","background-image":"","background-repeat":"repeat","background-position":"center center","background-size":"auto","background-attachment":"scroll","background-type":"","background-media":"","overlay-type":"","overlay-color":"","overlay-opacity":"","overlay-gradient":""}},"ast-content-background-meta":{"desktop":{"background-color":"var(--ast-global-color-5)","background-image":"","background-repeat":"repeat","background-position":"center center","background-size":"auto","background-attachment":"scroll","background-type":"","background-media":"","overlay-type":"","overlay-color":"","overlay-opacity":"","overlay-gradient":""},"tablet":{"background-color":"var(--ast-global-color-5)","background-image":"","background-repeat":"repeat","background-position":"center center","background-size":"auto","background-attachment":"scroll","background-type":"","background-media":"","overlay-type":"","overlay-color":"","overlay-opacity":"","overlay-gradient":""},"mobile":{"background-color":"var(--ast-global-color-5)","background-image":"","background-repeat":"repeat","background-position":"center center","background-size":"auto","background-attachment":"scroll","background-type":"","background-media":"","overlay-type":"","overlay-color":"","overlay-opacity":"","overlay-gradient":""}},"footnotes":""},"categories":[674,3,8,9,4],"tags":[147],"class_list":["post-21724","post","type-post","status-publish","format-standard","hentry","category-ei","category-i3","category-i4","category-i5","category-portada","tag-educacio-infantil"],"post_mailing_queue_ids":[],"_links":{"self":[{"href":"https:\/\/agora.xtec.cat\/escola-elsestanys\/wp-json\/wp\/v2\/posts\/21724","targetHints":{"allow":["GET"]}}],"collection":[{"href":"https:\/\/agora.xtec.cat\/escola-elsestanys\/wp-json\/wp\/v2\/posts"}],"about":[{"href":"https:\/\/agora.xtec.cat\/escola-elsestanys\/wp-json\/wp\/v2\/types\/post"}],"author":[{"embeddable":true,"href":"https:\/\/agora.xtec.cat\/escola-elsestanys\/wp-json\/wp\/v2\/users\/1"}],"replies":[{"embeddable":true,"href":"https:\/\/agora.xtec.cat\/escola-elsestanys\/wp-json\/wp\/v2\/comments?post=21724"}],"version-history":[{"count":2,"href":"https:\/\/agora.xtec.cat\/escola-elsestanys\/wp-json\/wp\/v2\/posts\/21724\/revisions"}],"predecessor-version":[{"id":21726,"href":"https:\/\/agora.xtec.cat\/escola-elsestanys\/wp-json\/wp\/v2\/posts\/21724\/revisions\/21726"}],"wp:attachment":[{"href":"https:\/\/agora.xtec.cat\/escola-elsestanys\/wp-json\/wp\/v2\/media?parent=21724"}],"wp:term":[{"taxonomy":"category","embeddable":true,"href":"https:\/\/agora.xtec.cat\/escola-elsestanys\/wp-json\/wp\/v2\/categories?post=21724"},{"taxonomy":"post_tag","embeddable":true,"href":"https:\/\/agora.xtec.cat\/escola-elsestanys\/wp-json\/wp\/v2\/tags?post=21724"}],"curies":[{"name":"wp","href":"https:\/\/api.w.org\/{rel}","templated":true}]}}