{"id":14648,"date":"2019-05-31T09:48:21","date_gmt":"2019-05-31T07:48:21","guid":{"rendered":"http:\/\/agora.xtec.cat\/escola-elsestanys\/?p=14648"},"modified":"2019-06-17T09:18:56","modified_gmt":"2019-06-17T07:18:56","slug":"juguem-a-la-casa-lila","status":"publish","type":"post","link":"https:\/\/agora.xtec.cat\/escola-elsestanys\/general\/juguem-a-la-casa-lila\/","title":{"rendered":"JUGUEM A LA CASA LILA"},"content":{"rendered":"<p>Bon dia fam\u00edlies!!!<\/p>\n<p>El dijous 23 de maig vam anar d&#8217;excursi\u00f3 a la Casa Lila. Ens va agradar molt fer un passeig fins all\u00e0.<\/p>\n<p>Un cop vam arribar tenien preparades un munt de joguines: la cuineta per fer joc simb\u00f2lic, cotxes per fer carreres, disfresses, jocs de construcci\u00f3, contes&#8230;. Vam jugar lliurement durant una bona estona tot gaudint mentre interactu\u00e0vem tots plegats.<\/p>\n<p>Com que feia tan bon dia, a la tornada ens vam aturar per esmorzar tots junts.<\/p>\n<p><a href=\"https:\/\/photos.app.goo.gl\/KV8AUchjiKSzQah47\" target=\"_blank\" rel=\"noopener noreferrer\">Si voleu veure m\u00e9s fotos cliqueu aqu\u00ed.<\/a><img loading=\"lazy\" decoding=\"async\" class=\"alignnone \" src=\"https:\/\/lh3.googleusercontent.com\/r4evL50si96jf_gI5-9V9OaiWZKN583VbiwVQqGWg4J6A4h_s071T9mrYcUEK_FWrlIkv-dsxedPhZiqFObDgiDEyRzgPl2DdpAoLa6jYdB4EaB409ihU3Q86tkKPtjGPa9Lsl9LnvfeYaAgqALO7DE0hsDQOv-KZOruunhKA6XHIJR1k3SLSK9cW16unnYFH84k-8wurUqDE1gPD_vLOs-iRCpACuwk6lQ1xlyISaGyU-Rtkn4wNthQj0Mr4fvTC6dk8Sy4-JX2qMf-y5dbh8xE2bihhIItgUwvqVRI9m4uW1Oq2xF6CZ8TJr6ibdIx4Cgf9UbYPy1CvtgTSdmJNC3UdgPc7MhKXjUY9MK8Q59kh2y8u39DLdHJVPdzZV46VDNmFTPUlpjxpE6ozF1a4mDhVho6KL8m4L_bh1l-yHoT6tckcB6NLqmVgHSPWm4iqWQMyi91wU9uJe2JCAL4oBH71MQ0drTJtlzTvC5QFLWuSWSkdJ_yWAVer5LwPzZP5Xw-sKB3lQ3R2JobTpnVFh_27ZjxdsH2way8QS421x0NwZelwAHz3nd7zG_VNR-NncI3qGINesLgpruJ1e4RRX0fYP4H6Q98nVrqiPN45EJYI6hjHG9EY4l58mKgInNlWCUUWvnB0-n7mIM7GeNVX6SkcCLssUXwQZl_kqUOahkRxlpHyv11TFhwrZ2n0SivvpNgacq5gtY-NB84S7rlBCCr=w1218-h913-no\" width=\"640\" height=\"480\" \/> <a href=\"https:\/\/photos.app.goo.gl\/KV8AUchjiKSzQah47\" target=\"_blank\" rel=\"noopener noreferrer\">https:\/\/photos.app.goo.gl\/KV8AUchjiKSzQah47<\/a><\/p>\n","protected":false},"excerpt":{"rendered":"<p>Bon dia fam\u00edlies!!! El dijous 23 de maig vam anar d&#8217;excursi\u00f3 a la Casa Lila. Ens va agradar molt fer un passeig fins all\u00e0. Un cop vam arribar tenien preparades un munt de joguines: la cuineta per fer joc simb\u00f2lic, cotxes per fer carreres, disfresses, jocs de construcci\u00f3, contes&#8230;. Vam jugar lliurement durant una bona [&hellip;]<\/p>\n","protected":false},"author":55,"featured_media":0,"comment_status":"open","ping_status":"closed","sticky":false,"template":"","format":"standard","meta":{"_bbp_topic_count":0,"_bbp_reply_count":0,"_bbp_total_topic_count":0,"_bbp_total_reply_count":0,"_bbp_voice_count":0,"_bbp_anonymous_reply_count":0,"_bbp_topic_count_hidden":0,"_bbp_reply_count_hidden":0,"_bbp_forum_subforum_count":0,"site-sidebar-layout":"default","site-content-layout":"","ast-site-content-layout":"","site-content-style":"default","site-sidebar-style":"default","ast-global-header-display":"","ast-banner-title-visibility":"","ast-main-header-display":"","ast-hfb-above-header-display":"","ast-hfb-below-header-display":"","ast-hfb-mobile-header-display":"","site-post-title":"","ast-breadcrumbs-content":"","ast-featured-img":"","footer-sml-layout":"","theme-transparent-header-meta":"","adv-header-id-meta":"","stick-header-meta":"","header-above-stick-meta":"","header-main-stick-meta":"","header-below-stick-meta":"","astra-migrate-meta-layouts":"default","ast-page-background-enabled":"default","ast-page-background-meta":{"desktop":{"background-color":"var(--ast-global-color-4)","background-image":"","background-repeat":"repeat","background-position":"center center","background-size":"auto","background-attachment":"scroll","background-type":"","background-media":"","overlay-type":"","overlay-color":"","overlay-opacity":"","overlay-gradient":""},"tablet":{"background-color":"","background-image":"","background-repeat":"repeat","background-position":"center center","background-size":"auto","background-attachment":"scroll","background-type":"","background-media":"","overlay-type":"","overlay-color":"","overlay-opacity":"","overlay-gradient":""},"mobile":{"background-color":"","background-image":"","background-repeat":"repeat","background-position":"center center","background-size":"auto","background-attachment":"scroll","background-type":"","background-media":"","overlay-type":"","overlay-color":"","overlay-opacity":"","overlay-gradient":""}},"ast-content-background-meta":{"desktop":{"background-color":"var(--ast-global-color-5)","background-image":"","background-repeat":"repeat","background-position":"center center","background-size":"auto","background-attachment":"scroll","background-type":"","background-media":"","overlay-type":"","overlay-color":"","overlay-opacity":"","overlay-gradient":""},"tablet":{"background-color":"var(--ast-global-color-5)","background-image":"","background-repeat":"repeat","background-position":"center center","background-size":"auto","background-attachment":"scroll","background-type":"","background-media":"","overlay-type":"","overlay-color":"","overlay-opacity":"","overlay-gradient":""},"mobile":{"background-color":"var(--ast-global-color-5)","background-image":"","background-repeat":"repeat","background-position":"center center","background-size":"auto","background-attachment":"scroll","background-type":"","background-media":"","overlay-type":"","overlay-color":"","overlay-opacity":"","overlay-gradient":""}},"footnotes":""},"categories":[1,3,4],"tags":[323,477,476],"class_list":["post-14648","post","type-post","status-publish","format-standard","hentry","category-general","category-i3","category-portada","tag-casa-lila","tag-p3a","tag-p3b"],"post_mailing_queue_ids":[],"_links":{"self":[{"href":"https:\/\/agora.xtec.cat\/escola-elsestanys\/wp-json\/wp\/v2\/posts\/14648","targetHints":{"allow":["GET"]}}],"collection":[{"href":"https:\/\/agora.xtec.cat\/escola-elsestanys\/wp-json\/wp\/v2\/posts"}],"about":[{"href":"https:\/\/agora.xtec.cat\/escola-elsestanys\/wp-json\/wp\/v2\/types\/post"}],"author":[{"embeddable":true,"href":"https:\/\/agora.xtec.cat\/escola-elsestanys\/wp-json\/wp\/v2\/users\/55"}],"replies":[{"embeddable":true,"href":"https:\/\/agora.xtec.cat\/escola-elsestanys\/wp-json\/wp\/v2\/comments?post=14648"}],"version-history":[{"count":2,"href":"https:\/\/agora.xtec.cat\/escola-elsestanys\/wp-json\/wp\/v2\/posts\/14648\/revisions"}],"predecessor-version":[{"id":14686,"href":"https:\/\/agora.xtec.cat\/escola-elsestanys\/wp-json\/wp\/v2\/posts\/14648\/revisions\/14686"}],"wp:attachment":[{"href":"https:\/\/agora.xtec.cat\/escola-elsestanys\/wp-json\/wp\/v2\/media?parent=14648"}],"wp:term":[{"taxonomy":"category","embeddable":true,"href":"https:\/\/agora.xtec.cat\/escola-elsestanys\/wp-json\/wp\/v2\/categories?post=14648"},{"taxonomy":"post_tag","embeddable":true,"href":"https:\/\/agora.xtec.cat\/escola-elsestanys\/wp-json\/wp\/v2\/tags?post=14648"}],"curies":[{"name":"wp","href":"https:\/\/api.w.org\/{rel}","templated":true}]}}