{"id":14365,"date":"2019-03-25T19:11:51","date_gmt":"2019-03-25T18:11:51","guid":{"rendered":"http:\/\/agora.xtec.cat\/escola-elsestanys\/?p=14365"},"modified":"2019-03-25T19:11:51","modified_gmt":"2019-03-25T18:11:51","slug":"certamen-de-lectura-en-veu-alta-3","status":"publish","type":"post","link":"https:\/\/agora.xtec.cat\/escola-elsestanys\/general\/certamen-de-lectura-en-veu-alta-3\/","title":{"rendered":"CERTAMEN DE LECTURA EN VEU ALTA"},"content":{"rendered":"<p>Els nostres alumnes han participat al XV Certamen de lectura en veu alta, fase comarcal,\u00a0 que s&#8217;ha realitzat al teatre municipal de Palafrugell.<\/p>\n<p>Hem tingut representants a 3 categories:<\/p>\n<p>Grumets Vermells: Cicle mitj\u00e0 de prim\u00e0ria, Grumets Verds: Cicle superior i Timoners: Aula d&#8217;acollida: Cicle superior de prim\u00e0ria i 1r i 2n d&#8217;ESO.<\/p>\n<p>Gr\u00e0cies als nostres representants per fer-ho tan b\u00e9. Si voleu veure les fotografies de l&#8217;acte,<a href=\"https:\/\/photos.app.goo.gl\/gJx4jCKGGHcerH868\" target=\"_blank\" rel=\"noopener\">Cliqueu<\/a><\/p>\n<p><img loading=\"lazy\" decoding=\"async\" class=\"aligncenter\" src=\"https:\/\/lh3.googleusercontent.com\/k1cLGNezDTUVgK5j6fsoBqmiGhAqDiu8YvdditkdWthB9ePtFB2lFoHNK0mrLH0Xq4yK0pcsCQwHsSVXgP496nmXhIECTXHNymNE7f16ea6yEW-UoH2VOLRD2_3cPMMA8ehwJjpwuGTuA11eRtMshK5hxecclfnmpo-6voF9CYPFEZlHAatKJf6gDc-lyrvsIeD-3F5-vNMBPmlJiPmRQvtBDCCrkz1wAG5RXxwihfvKdq3bq093dy8N5MfdHfeFgxzusahU9LGCfNftCix8lKxsbPOoxGnruCfUfwj3jkwu_bujE13qXmfbYF80YBcKsTW35rXm4ttdKz3ncPbpFywLEIAD5sAZS27fsrs9eMOGo9KZ_rTzct885_ow5R1gJ66uyrc0KxiaiA5bc37cFk-z4Q6i8_VFVDa1kFStF1uyBX4CmBnaDHiYfhWwVudFlsWpmGNQveMvCl_4dJf0-_wfqdRji6vfkfSutl6xszeDCfQIiWGiTqVbLGwjQb8LnNUNFeDU5s-vVKz78shRTXZgY7eWSiQH4_vNawukNjON7GEddPOD4-p49lGUh-dtuiXF0IO-8znCCl790JsZkca1vvXol5-_xiUsTenanWtNgekwfJoMj8qpPCz4-9EagEW17k6aoedn8bWQyaxxi7SlCElDKuCcnLeKEb14r-Y-b9xmn4Il82n2pUMJFMlY27Q1MkWPAzobnUfAHeUiMdE2=w1052-h789-no\" width=\"640\" height=\"480\" \/><\/p>\n","protected":false},"excerpt":{"rendered":"<p>Els nostres alumnes han participat al XV Certamen de lectura en veu alta, fase comarcal,\u00a0 que s&#8217;ha realitzat al teatre municipal de Palafrugell. Hem tingut representants a 3 categories: Grumets Vermells: Cicle mitj\u00e0 de prim\u00e0ria, Grumets Verds: Cicle superior i Timoners: Aula d&#8217;acollida: Cicle superior de prim\u00e0ria i 1r i 2n d&#8217;ESO. Gr\u00e0cies als nostres [&hellip;]<\/p>\n","protected":false},"author":29,"featured_media":0,"comment_status":"open","ping_status":"closed","sticky":false,"template":"","format":"standard","meta":{"_bbp_topic_count":0,"_bbp_reply_count":0,"_bbp_total_topic_count":0,"_bbp_total_reply_count":0,"_bbp_voice_count":0,"_bbp_anonymous_reply_count":0,"_bbp_topic_count_hidden":0,"_bbp_reply_count_hidden":0,"_bbp_forum_subforum_count":0,"site-sidebar-layout":"default","site-content-layout":"","ast-site-content-layout":"","site-content-style":"default","site-sidebar-style":"default","ast-global-header-display":"","ast-banner-title-visibility":"","ast-main-header-display":"","ast-hfb-above-header-display":"","ast-hfb-below-header-display":"","ast-hfb-mobile-header-display":"","site-post-title":"","ast-breadcrumbs-content":"","ast-featured-img":"","footer-sml-layout":"","theme-transparent-header-meta":"","adv-header-id-meta":"","stick-header-meta":"","header-above-stick-meta":"","header-main-stick-meta":"","header-below-stick-meta":"","astra-migrate-meta-layouts":"default","ast-page-background-enabled":"default","ast-page-background-meta":{"desktop":{"background-color":"var(--ast-global-color-4)","background-image":"","background-repeat":"repeat","background-position":"center center","background-size":"auto","background-attachment":"scroll","background-type":"","background-media":"","overlay-type":"","overlay-color":"","overlay-opacity":"","overlay-gradient":""},"tablet":{"background-color":"","background-image":"","background-repeat":"repeat","background-position":"center center","background-size":"auto","background-attachment":"scroll","background-type":"","background-media":"","overlay-type":"","overlay-color":"","overlay-opacity":"","overlay-gradient":""},"mobile":{"background-color":"","background-image":"","background-repeat":"repeat","background-position":"center center","background-size":"auto","background-attachment":"scroll","background-type":"","background-media":"","overlay-type":"","overlay-color":"","overlay-opacity":"","overlay-gradient":""}},"ast-content-background-meta":{"desktop":{"background-color":"var(--ast-global-color-5)","background-image":"","background-repeat":"repeat","background-position":"center center","background-size":"auto","background-attachment":"scroll","background-type":"","background-media":"","overlay-type":"","overlay-color":"","overlay-opacity":"","overlay-gradient":""},"tablet":{"background-color":"var(--ast-global-color-5)","background-image":"","background-repeat":"repeat","background-position":"center center","background-size":"auto","background-attachment":"scroll","background-type":"","background-media":"","overlay-type":"","overlay-color":"","overlay-opacity":"","overlay-gradient":""},"mobile":{"background-color":"var(--ast-global-color-5)","background-image":"","background-repeat":"repeat","background-position":"center center","background-size":"auto","background-attachment":"scroll","background-type":"","background-media":"","overlay-type":"","overlay-color":"","overlay-opacity":"","overlay-gradient":""}},"footnotes":""},"categories":[12,13,14,15,1,4],"tags":[454,407,88,33,353],"class_list":["post-14365","post","type-post","status-publish","format-standard","hentry","category-3r","category-4t","category-5e","category-6e","category-general","category-portada","tag-aula-dacollida","tag-certamen-de-lectura-en-veu-alta","tag-cicle-mitja","tag-cicle-superior","tag-sep-aula-dacollida"],"post_mailing_queue_ids":[],"_links":{"self":[{"href":"https:\/\/agora.xtec.cat\/escola-elsestanys\/wp-json\/wp\/v2\/posts\/14365","targetHints":{"allow":["GET"]}}],"collection":[{"href":"https:\/\/agora.xtec.cat\/escola-elsestanys\/wp-json\/wp\/v2\/posts"}],"about":[{"href":"https:\/\/agora.xtec.cat\/escola-elsestanys\/wp-json\/wp\/v2\/types\/post"}],"author":[{"embeddable":true,"href":"https:\/\/agora.xtec.cat\/escola-elsestanys\/wp-json\/wp\/v2\/users\/29"}],"replies":[{"embeddable":true,"href":"https:\/\/agora.xtec.cat\/escola-elsestanys\/wp-json\/wp\/v2\/comments?post=14365"}],"version-history":[{"count":2,"href":"https:\/\/agora.xtec.cat\/escola-elsestanys\/wp-json\/wp\/v2\/posts\/14365\/revisions"}],"predecessor-version":[{"id":14367,"href":"https:\/\/agora.xtec.cat\/escola-elsestanys\/wp-json\/wp\/v2\/posts\/14365\/revisions\/14367"}],"wp:attachment":[{"href":"https:\/\/agora.xtec.cat\/escola-elsestanys\/wp-json\/wp\/v2\/media?parent=14365"}],"wp:term":[{"taxonomy":"category","embeddable":true,"href":"https:\/\/agora.xtec.cat\/escola-elsestanys\/wp-json\/wp\/v2\/categories?post=14365"},{"taxonomy":"post_tag","embeddable":true,"href":"https:\/\/agora.xtec.cat\/escola-elsestanys\/wp-json\/wp\/v2\/tags?post=14365"}],"curies":[{"name":"wp","href":"https:\/\/api.w.org\/{rel}","templated":true}]}}