{"id":1253,"date":"2014-11-18T08:45:26","date_gmt":"2014-11-18T07:45:26","guid":{"rendered":"http:\/\/agora.xtec.cat\/escola-elsestanys\/general\/periodistes-robotica-a-lescola-els-estanys-2\/"},"modified":"2016-06-23T11:34:02","modified_gmt":"2016-06-23T10:34:02","slug":"periodistes-robotica-a-lescola-els-estanys-2","status":"publish","type":"post","link":"https:\/\/agora.xtec.cat\/escola-elsestanys\/general\/periodistes-robotica-a-lescola-els-estanys-2\/","title":{"rendered":"PERIODISTES:ENTREVISTA AL MESTRE DE ROB\u00d2TICA DE L&#8217;ESCOLA ELS ESTANYS"},"content":{"rendered":"<\/p>\n<\/p>\n<p>&nbsp;Informa: Martina Rangel<\/p>\n<p><font face=\"Arial, sans-serif\"><font size=\"4\"> He<br \/>\nentrevistat al sr. Llu\u00eds Planas, el professor de rob\u00f2tica que ens<br \/>\nexplicar\u00e0 que \u00e9s el que es fa a l&#8217;escola &nbsp; &nbsp; &nbsp; Els Estanys.<\/font><\/font> <\/p>\n<ul>\n<li>\n<p style=\"margin-bottom: 0cm;\"><font face=\"Arial, sans-serif\"><strong>Com<br \/>\n\tse&#8217;t va oc\u00f3rrer fer l&#8217; assignatura de rob\u00f2tica?<\/strong><\/font><\/p>\n<\/li>\n<\/ul>\n<p style=\"margin-bottom: 0cm;\"> <font face=\"Arial, sans-serif\">Perqu\u00e8<br \/>\nvam fer un taller de rob\u00f2tica al parc tecnol\u00f2gic de la UDG i vam<br \/>\npensar        \tque seria interessant.<\/font><\/p>\n<ul>\n<li>\n<p style=\"margin-bottom: 0cm;\"><font face=\"Arial, sans-serif\"><strong>Per<br \/>\n\tqu\u00e8 creus que \u00e9s important la rob\u00f2tica?<\/strong>&nbsp;&nbsp; Perqu\u00e8<br \/>\nfa pensar molt.<\/font><\/p>\n<\/li>\n<\/ul>\n<ul>\n<li>\n<p style=\"margin-bottom: 0cm;\"><font face=\"Arial, sans-serif\"><strong>Per<br \/>\n\tqu\u00e8 serveix a la vida?<\/strong><\/font><font face=\"Arial, sans-serif\">&nbsp;&nbsp; Per<br \/>\nplantejar-te hip\u00f2tesis, passar reptes i treballar en equip i&nbsp; fomentar els<br \/>\nvalors.<\/font> <\/p>\n<\/li>\n<\/ul>\n<ul>\n<li>\n<p style=\"margin-bottom: 0cm;\"><font face=\"Arial, sans-serif\"><strong>Quan<br \/>\n\ttemps trigueu per constru\u00efr un robot?<\/strong><\/font><font face=\"Arial, sans-serif\"><strong> <\/strong>Dep\u00e8n<br \/>\n\tdel robot, podem estar 1 hora o un mes, dep\u00e8n de com estigui programat.<\/font> <\/p>\n<\/li>\n<\/ul>\n<ul>\n<li>\n<p style=\"margin-bottom: 0cm;\"><font face=\"Arial, sans-serif\"><strong>Quants<br \/>\n\tnens i nenes van a l&#8217;extraescolar AROBOT?<\/strong>&nbsp;&nbsp; Hi<br \/>\nha m\u00e9s o menys uns 18 nens.<\/font><\/p>\n<\/li>\n<\/ul>\n<ul>\n<li>\n<p style=\"margin-bottom: 0cm;\"><font face=\"Arial, sans-serif\"><strong>Venen<br \/>\n\tnens d&#8217;altres escoles? Quines?<\/strong><\/font><font face=\"Arial, sans-serif\">S\u00ed,<br \/>\n\tn&#8217;hi ha de l&#8217;escola Pedralta i dels instituts Ridaura, Sant Elm i<br \/>\n\tel d&#8217;Ull\u00e0.<\/font> <\/p>\n<\/li>\n<\/ul>\n<ul>\n<li>\n<p style=\"margin-bottom: 0cm;\"><font face=\"Arial, sans-serif\"><strong>He<br \/>\n\tvist a la web de l&#8217;escola que heu participat en un concurs, ha sigut<br \/>\n\tdif\u00edcil? <\/strong>Molt<br \/>\n\tdif\u00edcil perqu\u00e8 es preparaven altres equips i estaves molt nervi\u00f3s.<\/font><\/p>\n<\/li>\n<\/ul>\n<ul>\n<li>\n<p style=\"margin-bottom: 0cm;\"><font face=\"Arial, sans-serif\"><strong>En<br \/>\n\tquin lloc heu quedat? <\/strong>Vam<br \/>\n\tquedar primers de Catalunya a Vic i tamb\u00e9 a Barcelona. El dia 19<br \/>\n\td&#8217;ocubre ser\u00e0 la final d&#8217;Espanya i si guanyem anirem a R\u00fassia.<\/font><\/p>\n<\/li>\n<\/ul>\n<p style=\"margin-bottom: 0cm;\"><font face=\"Arial, sans-serif\">\tMoltes<br \/>\ngr\u00e0cies per l&#8217;entrevista.<\/font><\/p>\n<p>Els informem que van classificar-se per anar a Sotxi i els hi desitgem molta sort en la competici\u00f3. <\/p>\n","protected":false},"excerpt":{"rendered":"<p>&nbsp;Informa: Martina Rangel He entrevistat al sr. Llu\u00eds Planas, el professor de rob\u00f2tica que ens explicar\u00e0 que \u00e9s el que es fa a l&#8217;escola &nbsp; &nbsp; &nbsp; Els Estanys. Com se&#8217;t va oc\u00f3rrer fer l&#8217; assignatura de rob\u00f2tica? Perqu\u00e8 vam fer un taller de rob\u00f2tica al parc tecnol\u00f2gic de la UDG i vam pensar que [&hellip;]<\/p>\n","protected":false},"author":1,"featured_media":0,"comment_status":"open","ping_status":"open","sticky":false,"template":"","format":"standard","meta":{"_bbp_topic_count":0,"_bbp_reply_count":0,"_bbp_total_topic_count":0,"_bbp_total_reply_count":0,"_bbp_voice_count":0,"_bbp_anonymous_reply_count":0,"_bbp_topic_count_hidden":0,"_bbp_reply_count_hidden":0,"_bbp_forum_subforum_count":0,"site-sidebar-layout":"default","site-content-layout":"","ast-site-content-layout":"","site-content-style":"default","site-sidebar-style":"default","ast-global-header-display":"","ast-banner-title-visibility":"","ast-main-header-display":"","ast-hfb-above-header-display":"","ast-hfb-below-header-display":"","ast-hfb-mobile-header-display":"","site-post-title":"","ast-breadcrumbs-content":"","ast-featured-img":"","footer-sml-layout":"","theme-transparent-header-meta":"","adv-header-id-meta":"","stick-header-meta":"","header-above-stick-meta":"","header-main-stick-meta":"","header-below-stick-meta":"","astra-migrate-meta-layouts":"default","ast-page-background-enabled":"default","ast-page-background-meta":{"desktop":{"background-color":"var(--ast-global-color-4)","background-image":"","background-repeat":"repeat","background-position":"center center","background-size":"auto","background-attachment":"scroll","background-type":"","background-media":"","overlay-type":"","overlay-color":"","overlay-opacity":"","overlay-gradient":""},"tablet":{"background-color":"","background-image":"","background-repeat":"repeat","background-position":"center center","background-size":"auto","background-attachment":"scroll","background-type":"","background-media":"","overlay-type":"","overlay-color":"","overlay-opacity":"","overlay-gradient":""},"mobile":{"background-color":"","background-image":"","background-repeat":"repeat","background-position":"center center","background-size":"auto","background-attachment":"scroll","background-type":"","background-media":"","overlay-type":"","overlay-color":"","overlay-opacity":"","overlay-gradient":""}},"ast-content-background-meta":{"desktop":{"background-color":"var(--ast-global-color-5)","background-image":"","background-repeat":"repeat","background-position":"center center","background-size":"auto","background-attachment":"scroll","background-type":"","background-media":"","overlay-type":"","overlay-color":"","overlay-opacity":"","overlay-gradient":""},"tablet":{"background-color":"var(--ast-global-color-5)","background-image":"","background-repeat":"repeat","background-position":"center center","background-size":"auto","background-attachment":"scroll","background-type":"","background-media":"","overlay-type":"","overlay-color":"","overlay-opacity":"","overlay-gradient":""},"mobile":{"background-color":"var(--ast-global-color-5)","background-image":"","background-repeat":"repeat","background-position":"center center","background-size":"auto","background-attachment":"scroll","background-type":"","background-media":"","overlay-type":"","overlay-color":"","overlay-opacity":"","overlay-gradient":""}},"footnotes":""},"categories":[1,4],"tags":[],"class_list":["post-1253","post","type-post","status-publish","format-standard","hentry","category-general","category-portada"],"post_mailing_queue_ids":[],"_links":{"self":[{"href":"https:\/\/agora.xtec.cat\/escola-elsestanys\/wp-json\/wp\/v2\/posts\/1253","targetHints":{"allow":["GET"]}}],"collection":[{"href":"https:\/\/agora.xtec.cat\/escola-elsestanys\/wp-json\/wp\/v2\/posts"}],"about":[{"href":"https:\/\/agora.xtec.cat\/escola-elsestanys\/wp-json\/wp\/v2\/types\/post"}],"author":[{"embeddable":true,"href":"https:\/\/agora.xtec.cat\/escola-elsestanys\/wp-json\/wp\/v2\/users\/1"}],"replies":[{"embeddable":true,"href":"https:\/\/agora.xtec.cat\/escola-elsestanys\/wp-json\/wp\/v2\/comments?post=1253"}],"version-history":[{"count":1,"href":"https:\/\/agora.xtec.cat\/escola-elsestanys\/wp-json\/wp\/v2\/posts\/1253\/revisions"}],"predecessor-version":[{"id":1965,"href":"https:\/\/agora.xtec.cat\/escola-elsestanys\/wp-json\/wp\/v2\/posts\/1253\/revisions\/1965"}],"wp:attachment":[{"href":"https:\/\/agora.xtec.cat\/escola-elsestanys\/wp-json\/wp\/v2\/media?parent=1253"}],"wp:term":[{"taxonomy":"category","embeddable":true,"href":"https:\/\/agora.xtec.cat\/escola-elsestanys\/wp-json\/wp\/v2\/categories?post=1253"},{"taxonomy":"post_tag","embeddable":true,"href":"https:\/\/agora.xtec.cat\/escola-elsestanys\/wp-json\/wp\/v2\/tags?post=1253"}],"curies":[{"name":"wp","href":"https:\/\/api.w.org\/{rel}","templated":true}]}}