{"id":912,"date":"2023-11-23T13:55:35","date_gmt":"2023-11-23T12:55:35","guid":{"rendered":"https:\/\/agora.xtec.cat\/escola-elcervol-zerriuset\/?p=912"},"modified":"2025-09-10T14:09:17","modified_gmt":"2025-09-10T12:09:17","slug":"amfibis-i-reptils","status":"publish","type":"post","link":"https:\/\/agora.xtec.cat\/escola-elcervol-zerriuset\/general\/amfibis-i-reptils\/","title":{"rendered":"AMFIBIS I R\u00c8PTILS"},"content":{"rendered":"<p><a href=\"https:\/\/agora.xtec.cat\/escola-elcervol-zerriuset\/wp-content\/uploads\/usu2200\/2023\/11\/IMG_4573-2-scaled.jpg\"><img loading=\"lazy\" decoding=\"async\" class=\"aligncenter size-large wp-image-922\" src=\"https:\/\/agora.xtec.cat\/escola-elcervol-zerriuset\/wp-content\/uploads\/usu2200\/2023\/11\/IMG_4573-2-1024x440.jpg\" alt=\"\" width=\"1024\" height=\"440\" srcset=\"https:\/\/agora.xtec.cat\/escola-elcervol-zerriuset\/wp-content\/uploads\/usu2200\/2023\/11\/IMG_4573-2-1024x440.jpg 1024w, https:\/\/agora.xtec.cat\/escola-elcervol-zerriuset\/wp-content\/uploads\/usu2200\/2023\/11\/IMG_4573-2-300x129.jpg 300w, https:\/\/agora.xtec.cat\/escola-elcervol-zerriuset\/wp-content\/uploads\/usu2200\/2023\/11\/IMG_4573-2-768x330.jpg 768w, https:\/\/agora.xtec.cat\/escola-elcervol-zerriuset\/wp-content\/uploads\/usu2200\/2023\/11\/IMG_4573-2-1536x660.jpg 1536w, https:\/\/agora.xtec.cat\/escola-elcervol-zerriuset\/wp-content\/uploads\/usu2200\/2023\/11\/IMG_4573-2-2048x881.jpg 2048w\" sizes=\"auto, (max-width: 1024px) 100vw, 1024px\" \/><\/a><\/p>\n<p>El dimecres 22 de novembre tots els alumnes de l&#8217;escola hem gaudit d&#8217;un taller sobre els amfibis i r\u00e8ptils de la reserva Mas de Melons.<\/p>\n<p>Ens han explicat moltes coses sobre granotes, llangardaixos, tar\u00e0ntules, etc.<\/p>\n<p>Tamb\u00e9 hem tocat la pell d&#8217;una serp i la d&#8217;un gripau corredor! Els petits hem pintat la nostra granota i els m\u00e9s grans hem fet la nostra granota amb una pedra!<\/p>\n<p>Ens ha agradat molt!<\/p>\n<p>&nbsp;<\/p>\n<p>&nbsp;<\/p>\n","protected":false},"excerpt":{"rendered":"<p>El dimecres 22 de novembre tots els alumnes de l&#8217;escola hem gaudit d&#8217;un taller sobre els amfibis i r\u00e8ptils de la reserva Mas de Melons. Ens han explicat moltes coses sobre granotes, llangardaixos, tar\u00e0ntules, etc. Tamb\u00e9 hem tocat la pell d&#8217;una serp i la d&#8217;un gripau corredor! Els petits hem pintat la nostra granota i [&hellip;]<\/p>\n","protected":false},"author":4,"featured_media":916,"comment_status":"open","ping_status":"closed","sticky":false,"template":"","format":"standard","meta":{"_bbp_topic_count":0,"_bbp_reply_count":0,"_bbp_total_topic_count":0,"_bbp_total_reply_count":0,"_bbp_voice_count":0,"_bbp_anonymous_reply_count":0,"_bbp_topic_count_hidden":0,"_bbp_reply_count_hidden":0,"_bbp_forum_subforum_count":0,"site-sidebar-layout":"default","site-content-layout":"","ast-site-content-layout":"","site-content-style":"default","site-sidebar-style":"default","ast-global-header-display":"","ast-banner-title-visibility":"","ast-main-header-display":"","ast-hfb-above-header-display":"","ast-hfb-below-header-display":"","ast-hfb-mobile-header-display":"","site-post-title":"","ast-breadcrumbs-content":"","ast-featured-img":"","footer-sml-layout":"","theme-transparent-header-meta":"","adv-header-id-meta":"","stick-header-meta":"","header-above-stick-meta":"","header-main-stick-meta":"","header-below-stick-meta":"","astra-migrate-meta-layouts":"default","ast-page-background-enabled":"default","ast-page-background-meta":{"desktop":{"background-color":"var(--ast-global-color-4)","background-image":"","background-repeat":"repeat","background-position":"center center","background-size":"auto","background-attachment":"scroll","background-type":"","background-media":"","overlay-type":"","overlay-color":"","overlay-opacity":"","overlay-gradient":""},"tablet":{"background-color":"","background-image":"","background-repeat":"repeat","background-position":"center center","background-size":"auto","background-attachment":"scroll","background-type":"","background-media":"","overlay-type":"","overlay-color":"","overlay-opacity":"","overlay-gradient":""},"mobile":{"background-color":"","background-image":"","background-repeat":"repeat","background-position":"center center","background-size":"auto","background-attachment":"scroll","background-type":"","background-media":"","overlay-type":"","overlay-color":"","overlay-opacity":"","overlay-gradient":""}},"ast-content-background-meta":{"desktop":{"background-color":"var(--ast-global-color-5)","background-image":"","background-repeat":"repeat","background-position":"center center","background-size":"auto","background-attachment":"scroll","background-type":"","background-media":"","overlay-type":"","overlay-color":"","overlay-opacity":"","overlay-gradient":""},"tablet":{"background-color":"var(--ast-global-color-5)","background-image":"","background-repeat":"repeat","background-position":"center center","background-size":"auto","background-attachment":"scroll","background-type":"","background-media":"","overlay-type":"","overlay-color":"","overlay-opacity":"","overlay-gradient":""},"mobile":{"background-color":"var(--ast-global-color-5)","background-image":"","background-repeat":"repeat","background-position":"center center","background-size":"auto","background-attachment":"scroll","background-type":"","background-media":"","overlay-type":"","overlay-color":"","overlay-opacity":"","overlay-gradient":""}},"footnotes":""},"categories":[1,2,64,4,5],"tags":[],"class_list":["post-912","post","type-post","status-publish","format-standard","has-post-thumbnail","hentry","category-general","category-infantil","category-llar","category-portada","category-primaria"],"post_mailing_queue_ids":[],"_links":{"self":[{"href":"https:\/\/agora.xtec.cat\/escola-elcervol-zerriuset\/wp-json\/wp\/v2\/posts\/912","targetHints":{"allow":["GET"]}}],"collection":[{"href":"https:\/\/agora.xtec.cat\/escola-elcervol-zerriuset\/wp-json\/wp\/v2\/posts"}],"about":[{"href":"https:\/\/agora.xtec.cat\/escola-elcervol-zerriuset\/wp-json\/wp\/v2\/types\/post"}],"author":[{"embeddable":true,"href":"https:\/\/agora.xtec.cat\/escola-elcervol-zerriuset\/wp-json\/wp\/v2\/users\/4"}],"replies":[{"embeddable":true,"href":"https:\/\/agora.xtec.cat\/escola-elcervol-zerriuset\/wp-json\/wp\/v2\/comments?post=912"}],"version-history":[{"count":6,"href":"https:\/\/agora.xtec.cat\/escola-elcervol-zerriuset\/wp-json\/wp\/v2\/posts\/912\/revisions"}],"predecessor-version":[{"id":1426,"href":"https:\/\/agora.xtec.cat\/escola-elcervol-zerriuset\/wp-json\/wp\/v2\/posts\/912\/revisions\/1426"}],"wp:featuredmedia":[{"embeddable":true,"href":"https:\/\/agora.xtec.cat\/escola-elcervol-zerriuset\/wp-json\/wp\/v2\/media\/916"}],"wp:attachment":[{"href":"https:\/\/agora.xtec.cat\/escola-elcervol-zerriuset\/wp-json\/wp\/v2\/media?parent=912"}],"wp:term":[{"taxonomy":"category","embeddable":true,"href":"https:\/\/agora.xtec.cat\/escola-elcervol-zerriuset\/wp-json\/wp\/v2\/categories?post=912"},{"taxonomy":"post_tag","embeddable":true,"href":"https:\/\/agora.xtec.cat\/escola-elcervol-zerriuset\/wp-json\/wp\/v2\/tags?post=912"}],"curies":[{"name":"wp","href":"https:\/\/api.w.org\/{rel}","templated":true}]}}