{"id":886,"date":"2023-11-03T12:35:11","date_gmt":"2023-11-03T11:35:11","guid":{"rendered":"https:\/\/agora.xtec.cat\/escola-elcervol-zerriuset\/?p=886"},"modified":"2025-09-10T14:10:55","modified_gmt":"2025-09-10T12:10:55","slug":"celebrem-la-castanyada-a-lescola","status":"publish","type":"post","link":"https:\/\/agora.xtec.cat\/escola-elcervol-zerriuset\/general\/celebrem-la-castanyada-a-lescola\/","title":{"rendered":"Celebrem la Castanyada a l&#8217;escola!"},"content":{"rendered":"<p>La Castanyada \u00e9s una festa tradicional catalana que ens encanta celebrar a l&#8217;escola! Enguany hem dividit les activitats en dos dies: el dilluns dia 30 d&#8217;octubre vam fer panellets tots junts i vam rebre una carta de la Castanyera on ens deia que s&#8217;havia perdut per Cervi\u00e0. Evidentment, vam sortir tots i totes a buscar-la per ajudar-la i&#8230; LA VAM TROBAR! Tot i la pluja, vam poder escoltar la seva hist\u00f2ria i parlar amb ella una bona estona.<\/p>\n<p>Al tornar vam ballar i cantar les danses i can\u00e7ons de tardor i Castanyada que hav\u00edem preparat amb les nostres mestres de m\u00fasica.<\/p>\n<p>Dimarts 31 vam portar a coure els panellets, vam fer jocs de castanyada a les classes i a la tarda els m\u00e9s grans de l&#8217;escola ens havien preparat una gimcana amb grups internivells. Per acabar-ho de rematar, ens vam menjar els panellets i vam ballar una estona tots junts al pati.<\/p>\n<p>Mireu, mireu! Si feu clic a la foto trobareu les diverses carpetes amb totes les activitats.<\/p>\n<p><img loading=\"lazy\" decoding=\"async\" class=\"alignnone size-large wp-image-888\" src=\"https:\/\/agora.xtec.cat\/escola-elcervol-zerriuset\/wp-content\/uploads\/usu2200\/2023\/11\/poema-1-1024x698.jpg\" alt=\"\" width=\"1024\" height=\"698\" srcset=\"https:\/\/agora.xtec.cat\/escola-elcervol-zerriuset\/wp-content\/uploads\/usu2200\/2023\/11\/poema-1-1024x698.jpg 1024w, https:\/\/agora.xtec.cat\/escola-elcervol-zerriuset\/wp-content\/uploads\/usu2200\/2023\/11\/poema-1-300x205.jpg 300w, https:\/\/agora.xtec.cat\/escola-elcervol-zerriuset\/wp-content\/uploads\/usu2200\/2023\/11\/poema-1-768x524.jpg 768w, https:\/\/agora.xtec.cat\/escola-elcervol-zerriuset\/wp-content\/uploads\/usu2200\/2023\/11\/poema-1-1536x1048.jpg 1536w, https:\/\/agora.xtec.cat\/escola-elcervol-zerriuset\/wp-content\/uploads\/usu2200\/2023\/11\/poema-1-2048x1397.jpg 2048w\" sizes=\"auto, (max-width: 1024px) 100vw, 1024px\" \/><\/p>\n","protected":false},"excerpt":{"rendered":"<p>La Castanyada \u00e9s una festa tradicional catalana que ens encanta celebrar a l&#8217;escola! Enguany hem dividit les activitats en dos dies: el dilluns dia 30 d&#8217;octubre vam fer panellets tots junts i vam rebre una carta de la Castanyera on ens deia que s&#8217;havia perdut per Cervi\u00e0. Evidentment, vam sortir tots i totes a buscar-la [&hellip;]<\/p>\n","protected":false},"author":3,"featured_media":888,"comment_status":"open","ping_status":"closed","sticky":false,"template":"","format":"standard","meta":{"_bbp_topic_count":0,"_bbp_reply_count":0,"_bbp_total_topic_count":0,"_bbp_total_reply_count":0,"_bbp_voice_count":0,"_bbp_anonymous_reply_count":0,"_bbp_topic_count_hidden":0,"_bbp_reply_count_hidden":0,"_bbp_forum_subforum_count":0,"site-sidebar-layout":"default","site-content-layout":"","ast-site-content-layout":"","site-content-style":"default","site-sidebar-style":"default","ast-global-header-display":"","ast-banner-title-visibility":"","ast-main-header-display":"","ast-hfb-above-header-display":"","ast-hfb-below-header-display":"","ast-hfb-mobile-header-display":"","site-post-title":"","ast-breadcrumbs-content":"","ast-featured-img":"","footer-sml-layout":"","theme-transparent-header-meta":"","adv-header-id-meta":"","stick-header-meta":"","header-above-stick-meta":"","header-main-stick-meta":"","header-below-stick-meta":"","astra-migrate-meta-layouts":"default","ast-page-background-enabled":"default","ast-page-background-meta":{"desktop":{"background-color":"var(--ast-global-color-4)","background-image":"","background-repeat":"repeat","background-position":"center center","background-size":"auto","background-attachment":"scroll","background-type":"","background-media":"","overlay-type":"","overlay-color":"","overlay-opacity":"","overlay-gradient":""},"tablet":{"background-color":"","background-image":"","background-repeat":"repeat","background-position":"center center","background-size":"auto","background-attachment":"scroll","background-type":"","background-media":"","overlay-type":"","overlay-color":"","overlay-opacity":"","overlay-gradient":""},"mobile":{"background-color":"","background-image":"","background-repeat":"repeat","background-position":"center center","background-size":"auto","background-attachment":"scroll","background-type":"","background-media":"","overlay-type":"","overlay-color":"","overlay-opacity":"","overlay-gradient":""}},"ast-content-background-meta":{"desktop":{"background-color":"var(--ast-global-color-5)","background-image":"","background-repeat":"repeat","background-position":"center center","background-size":"auto","background-attachment":"scroll","background-type":"","background-media":"","overlay-type":"","overlay-color":"","overlay-opacity":"","overlay-gradient":""},"tablet":{"background-color":"var(--ast-global-color-5)","background-image":"","background-repeat":"repeat","background-position":"center center","background-size":"auto","background-attachment":"scroll","background-type":"","background-media":"","overlay-type":"","overlay-color":"","overlay-opacity":"","overlay-gradient":""},"mobile":{"background-color":"var(--ast-global-color-5)","background-image":"","background-repeat":"repeat","background-position":"center center","background-size":"auto","background-attachment":"scroll","background-type":"","background-media":"","overlay-type":"","overlay-color":"","overlay-opacity":"","overlay-gradient":""}},"footnotes":""},"categories":[10,11,12,13,14,15,1,3,8,9,2,64,4,5],"tags":[],"class_list":["post-886","post","type-post","status-publish","format-standard","has-post-thumbnail","hentry","category-1r","category-2n","category-3r","category-4t","category-5e","category-6e","category-general","category-i3","category-i4","category-i5","category-infantil","category-llar","category-portada","category-primaria"],"post_mailing_queue_ids":[],"_links":{"self":[{"href":"https:\/\/agora.xtec.cat\/escola-elcervol-zerriuset\/wp-json\/wp\/v2\/posts\/886","targetHints":{"allow":["GET"]}}],"collection":[{"href":"https:\/\/agora.xtec.cat\/escola-elcervol-zerriuset\/wp-json\/wp\/v2\/posts"}],"about":[{"href":"https:\/\/agora.xtec.cat\/escola-elcervol-zerriuset\/wp-json\/wp\/v2\/types\/post"}],"author":[{"embeddable":true,"href":"https:\/\/agora.xtec.cat\/escola-elcervol-zerriuset\/wp-json\/wp\/v2\/users\/3"}],"replies":[{"embeddable":true,"href":"https:\/\/agora.xtec.cat\/escola-elcervol-zerriuset\/wp-json\/wp\/v2\/comments?post=886"}],"version-history":[{"count":2,"href":"https:\/\/agora.xtec.cat\/escola-elcervol-zerriuset\/wp-json\/wp\/v2\/posts\/886\/revisions"}],"predecessor-version":[{"id":1433,"href":"https:\/\/agora.xtec.cat\/escola-elcervol-zerriuset\/wp-json\/wp\/v2\/posts\/886\/revisions\/1433"}],"wp:featuredmedia":[{"embeddable":true,"href":"https:\/\/agora.xtec.cat\/escola-elcervol-zerriuset\/wp-json\/wp\/v2\/media\/888"}],"wp:attachment":[{"href":"https:\/\/agora.xtec.cat\/escola-elcervol-zerriuset\/wp-json\/wp\/v2\/media?parent=886"}],"wp:term":[{"taxonomy":"category","embeddable":true,"href":"https:\/\/agora.xtec.cat\/escola-elcervol-zerriuset\/wp-json\/wp\/v2\/categories?post=886"},{"taxonomy":"post_tag","embeddable":true,"href":"https:\/\/agora.xtec.cat\/escola-elcervol-zerriuset\/wp-json\/wp\/v2\/tags?post=886"}],"curies":[{"name":"wp","href":"https:\/\/api.w.org\/{rel}","templated":true}]}}