{"id":1303,"date":"2025-04-28T06:39:18","date_gmt":"2025-04-28T04:39:18","guid":{"rendered":"https:\/\/agora.xtec.cat\/escola-elcervol-zerriuset\/?p=1303"},"modified":"2025-09-10T13:38:05","modified_gmt":"2025-09-10T11:38:05","slug":"sant-jordi-25","status":"publish","type":"post","link":"https:\/\/agora.xtec.cat\/escola-elcervol-zerriuset\/general\/sant-jordi-25\/","title":{"rendered":"Sant Jordi &#8217;25"},"content":{"rendered":"<p>Sant Jordi sempre \u00e9s un dia especial a Catalunya, i nosaltres l&#8217;hem celebrat amb un seguit d&#8217;activitats boniques:<\/p>\n<p>Al mat\u00ed vam fer una <strong>lectura de poemes<\/strong> convidant a la comunitat educativa del centre. Gr\u00e0cies, fam\u00edlies, per participar-hi!<\/p>\n<p>Al migdia, educaci\u00f3 infantil i cicle inicial vam visitar la <strong>paradeta de llibres i roses de Cervi\u00e0<\/strong> i vam comprar un llibre per a l&#8217;escola: &#8220;<em>El follet Oriol i el drac m\u00e0gic<\/em>&#8220;.<\/p>\n<p>A la tarda vam crear un <strong>punt de llibre<\/strong> per utilitzar-lo a les lectures que fem a casa, i tot seguit vam fer <strong>tallers internivells<\/strong> (ens vam barrejar des d&#8217;I3 fins a 6\u00e8 en 3 grups diferents): el dibuix d&#8217;un drac, un joc de preguntes sobre els elements dels personatges de la llegenda i una lectura de contes en un raconet bonic de l&#8217;escola.<\/p>\n<p><img loading=\"lazy\" decoding=\"async\" class=\"wp-image-1304 aligncenter\" src=\"https:\/\/agora.xtec.cat\/escola-elcervol-zerriuset\/wp-content\/uploads\/usu2200\/2025\/04\/IMG_2386-1024x617.jpg\" alt=\"\" width=\"519\" height=\"313\" srcset=\"https:\/\/agora.xtec.cat\/escola-elcervol-zerriuset\/wp-content\/uploads\/usu2200\/2025\/04\/IMG_2386-1024x617.jpg 1024w, https:\/\/agora.xtec.cat\/escola-elcervol-zerriuset\/wp-content\/uploads\/usu2200\/2025\/04\/IMG_2386-300x181.jpg 300w, https:\/\/agora.xtec.cat\/escola-elcervol-zerriuset\/wp-content\/uploads\/usu2200\/2025\/04\/IMG_2386-768x463.jpg 768w, https:\/\/agora.xtec.cat\/escola-elcervol-zerriuset\/wp-content\/uploads\/usu2200\/2025\/04\/IMG_2386-1536x925.jpg 1536w, https:\/\/agora.xtec.cat\/escola-elcervol-zerriuset\/wp-content\/uploads\/usu2200\/2025\/04\/IMG_2386-2048x1234.jpg 2048w\" sizes=\"auto, (max-width: 519px) 100vw, 519px\" \/><\/p>\n","protected":false},"excerpt":{"rendered":"<p>Sant Jordi sempre \u00e9s un dia especial a Catalunya, i nosaltres l&#8217;hem celebrat amb un seguit d&#8217;activitats boniques: Al mat\u00ed vam fer una lectura de poemes convidant a la comunitat educativa del centre. Gr\u00e0cies, fam\u00edlies, per participar-hi! Al migdia, educaci\u00f3 infantil i cicle inicial vam visitar la paradeta de llibres i roses de Cervi\u00e0 i [&hellip;]<\/p>\n","protected":false},"author":3,"featured_media":1304,"comment_status":"open","ping_status":"closed","sticky":false,"template":"","format":"standard","meta":{"_bbp_topic_count":0,"_bbp_reply_count":0,"_bbp_total_topic_count":0,"_bbp_total_reply_count":0,"_bbp_voice_count":0,"_bbp_anonymous_reply_count":0,"_bbp_topic_count_hidden":0,"_bbp_reply_count_hidden":0,"_bbp_forum_subforum_count":0,"site-sidebar-layout":"default","site-content-layout":"","ast-site-content-layout":"","site-content-style":"default","site-sidebar-style":"default","ast-global-header-display":"","ast-banner-title-visibility":"","ast-main-header-display":"","ast-hfb-above-header-display":"","ast-hfb-below-header-display":"","ast-hfb-mobile-header-display":"","site-post-title":"","ast-breadcrumbs-content":"","ast-featured-img":"","footer-sml-layout":"","theme-transparent-header-meta":"","adv-header-id-meta":"","stick-header-meta":"","header-above-stick-meta":"","header-main-stick-meta":"","header-below-stick-meta":"","astra-migrate-meta-layouts":"default","ast-page-background-enabled":"default","ast-page-background-meta":{"desktop":{"background-color":"var(--ast-global-color-4)","background-image":"","background-repeat":"repeat","background-position":"center center","background-size":"auto","background-attachment":"scroll","background-type":"","background-media":"","overlay-type":"","overlay-color":"","overlay-opacity":"","overlay-gradient":""},"tablet":{"background-color":"","background-image":"","background-repeat":"repeat","background-position":"center center","background-size":"auto","background-attachment":"scroll","background-type":"","background-media":"","overlay-type":"","overlay-color":"","overlay-opacity":"","overlay-gradient":""},"mobile":{"background-color":"","background-image":"","background-repeat":"repeat","background-position":"center center","background-size":"auto","background-attachment":"scroll","background-type":"","background-media":"","overlay-type":"","overlay-color":"","overlay-opacity":"","overlay-gradient":""}},"ast-content-background-meta":{"desktop":{"background-color":"var(--ast-global-color-5)","background-image":"","background-repeat":"repeat","background-position":"center center","background-size":"auto","background-attachment":"scroll","background-type":"","background-media":"","overlay-type":"","overlay-color":"","overlay-opacity":"","overlay-gradient":""},"tablet":{"background-color":"var(--ast-global-color-5)","background-image":"","background-repeat":"repeat","background-position":"center center","background-size":"auto","background-attachment":"scroll","background-type":"","background-media":"","overlay-type":"","overlay-color":"","overlay-opacity":"","overlay-gradient":""},"mobile":{"background-color":"var(--ast-global-color-5)","background-image":"","background-repeat":"repeat","background-position":"center center","background-size":"auto","background-attachment":"scroll","background-type":"","background-media":"","overlay-type":"","overlay-color":"","overlay-opacity":"","overlay-gradient":""}},"footnotes":""},"categories":[69,10,11,12,13,15,1,3,8,9,2,64,4,5],"tags":[],"class_list":["post-1303","post","type-post","status-publish","format-standard","has-post-thumbnail","hentry","category-bibliocervol","category-1r","category-2n","category-3r","category-4t","category-6e","category-general","category-i3","category-i4","category-i5","category-infantil","category-llar","category-portada","category-primaria"],"post_mailing_queue_ids":[],"_links":{"self":[{"href":"https:\/\/agora.xtec.cat\/escola-elcervol-zerriuset\/wp-json\/wp\/v2\/posts\/1303","targetHints":{"allow":["GET"]}}],"collection":[{"href":"https:\/\/agora.xtec.cat\/escola-elcervol-zerriuset\/wp-json\/wp\/v2\/posts"}],"about":[{"href":"https:\/\/agora.xtec.cat\/escola-elcervol-zerriuset\/wp-json\/wp\/v2\/types\/post"}],"author":[{"embeddable":true,"href":"https:\/\/agora.xtec.cat\/escola-elcervol-zerriuset\/wp-json\/wp\/v2\/users\/3"}],"replies":[{"embeddable":true,"href":"https:\/\/agora.xtec.cat\/escola-elcervol-zerriuset\/wp-json\/wp\/v2\/comments?post=1303"}],"version-history":[{"count":4,"href":"https:\/\/agora.xtec.cat\/escola-elcervol-zerriuset\/wp-json\/wp\/v2\/posts\/1303\/revisions"}],"predecessor-version":[{"id":1342,"href":"https:\/\/agora.xtec.cat\/escola-elcervol-zerriuset\/wp-json\/wp\/v2\/posts\/1303\/revisions\/1342"}],"wp:featuredmedia":[{"embeddable":true,"href":"https:\/\/agora.xtec.cat\/escola-elcervol-zerriuset\/wp-json\/wp\/v2\/media\/1304"}],"wp:attachment":[{"href":"https:\/\/agora.xtec.cat\/escola-elcervol-zerriuset\/wp-json\/wp\/v2\/media?parent=1303"}],"wp:term":[{"taxonomy":"category","embeddable":true,"href":"https:\/\/agora.xtec.cat\/escola-elcervol-zerriuset\/wp-json\/wp\/v2\/categories?post=1303"},{"taxonomy":"post_tag","embeddable":true,"href":"https:\/\/agora.xtec.cat\/escola-elcervol-zerriuset\/wp-json\/wp\/v2\/tags?post=1303"}],"curies":[{"name":"wp","href":"https:\/\/api.w.org\/{rel}","templated":true}]}}