{"id":4873,"date":"2026-09-01T09:00:49","date_gmt":"2026-09-01T07:00:49","guid":{"rendered":"https:\/\/agora.xtec.cat\/escola-can-clos\/?p=4873"},"modified":"2026-07-08T22:02:53","modified_gmt":"2026-07-08T20:02:53","slug":"inici-de-curs-26-27","status":"publish","type":"post","link":"https:\/\/agora.xtec.cat\/escola-can-clos\/general\/inici-de-curs-26-27\/","title":{"rendered":"INICI DE CURS 26-27"},"content":{"rendered":"<p>Fam\u00edlies!<\/p>\n<p>Us informem que l&#8217;inici del nou curs escolar \u00e9s cada cop m\u00e9s a prop. Esperem que h\u00e0giu gaudit d&#8217;un bon estiu i que h\u00e0giu pogut descansar i compartir bons moments en fam\u00edlia.<\/p>\n<p>Estem preparant-ho tot amb molta il\u00b7lusi\u00f3 per donar-vos la benvinguda i comen\u00e7ar un nou curs ple d&#8217;aprenentatges, experi\u00e8ncies i nous reptes.<\/p>\n<p><a href=\"https:\/\/agora.xtec.cat\/escola-can-clos\/wp-content\/uploads\/usu2456\/2026\/07\/HORARI.png\"><img loading=\"lazy\" decoding=\"async\" class=\"alignnone size-large wp-image-4874\" src=\"https:\/\/agora.xtec.cat\/escola-can-clos\/wp-content\/uploads\/usu2456\/2026\/07\/HORARI-1024x724.png\" alt=\"\" width=\"1024\" height=\"724\" srcset=\"https:\/\/agora.xtec.cat\/escola-can-clos\/wp-content\/uploads\/usu2456\/2026\/07\/HORARI-1024x724.png 1024w, https:\/\/agora.xtec.cat\/escola-can-clos\/wp-content\/uploads\/usu2456\/2026\/07\/HORARI-300x212.png 300w, https:\/\/agora.xtec.cat\/escola-can-clos\/wp-content\/uploads\/usu2456\/2026\/07\/HORARI-768x543.png 768w, https:\/\/agora.xtec.cat\/escola-can-clos\/wp-content\/uploads\/usu2456\/2026\/07\/HORARI-1536x1086.png 1536w, https:\/\/agora.xtec.cat\/escola-can-clos\/wp-content\/uploads\/usu2456\/2026\/07\/HORARI.png 2000w\" sizes=\"auto, (max-width: 1024px) 100vw, 1024px\" \/><\/a><\/p>\n<p>&nbsp;<\/p>\n","protected":false},"excerpt":{"rendered":"<p>Fam\u00edlies! Us informem que l&#8217;inici del nou curs escolar \u00e9s cada cop m\u00e9s a prop. Esperem que h\u00e0giu gaudit d&#8217;un bon estiu i que h\u00e0giu pogut descansar i compartir bons moments en fam\u00edlia. Estem preparant-ho tot amb molta il\u00b7lusi\u00f3 per donar-vos la benvinguda i comen\u00e7ar un nou curs ple d&#8217;aprenentatges, experi\u00e8ncies i nous reptes. &nbsp;<\/p>\n","protected":false},"author":1,"featured_media":4874,"comment_status":"open","ping_status":"open","sticky":true,"template":"","format":"standard","meta":{"_bbp_topic_count":0,"_bbp_reply_count":0,"_bbp_total_topic_count":0,"_bbp_total_reply_count":0,"_bbp_voice_count":0,"_bbp_anonymous_reply_count":0,"_bbp_topic_count_hidden":0,"_bbp_reply_count_hidden":0,"_bbp_forum_subforum_count":0,"site-sidebar-layout":"default","site-content-layout":"","ast-site-content-layout":"default","site-content-style":"default","site-sidebar-style":"default","ast-global-header-display":"","ast-banner-title-visibility":"","ast-main-header-display":"","ast-hfb-above-header-display":"","ast-hfb-below-header-display":"","ast-hfb-mobile-header-display":"","site-post-title":"","ast-breadcrumbs-content":"","ast-featured-img":"","footer-sml-layout":"","theme-transparent-header-meta":"default","adv-header-id-meta":"","stick-header-meta":"","header-above-stick-meta":"","header-main-stick-meta":"","header-below-stick-meta":"","astra-migrate-meta-layouts":"set","ast-page-background-enabled":"default","ast-page-background-meta":{"desktop":{"background-color":"var(--ast-global-color-4)","background-image":"","background-repeat":"repeat","background-position":"center center","background-size":"auto","background-attachment":"scroll","background-type":"","background-media":"","overlay-type":"","overlay-color":"","overlay-opacity":"","overlay-gradient":""},"tablet":{"background-color":"","background-image":"","background-repeat":"repeat","background-position":"center center","background-size":"auto","background-attachment":"scroll","background-type":"","background-media":"","overlay-type":"","overlay-color":"","overlay-opacity":"","overlay-gradient":""},"mobile":{"background-color":"","background-image":"","background-repeat":"repeat","background-position":"center center","background-size":"auto","background-attachment":"scroll","background-type":"","background-media":"","overlay-type":"","overlay-color":"","overlay-opacity":"","overlay-gradient":""}},"ast-content-background-meta":{"desktop":{"background-color":"var(--ast-global-color-5)","background-image":"","background-repeat":"repeat","background-position":"center center","background-size":"auto","background-attachment":"scroll","background-type":"","background-media":"","overlay-type":"","overlay-color":"","overlay-opacity":"","overlay-gradient":""},"tablet":{"background-color":"var(--ast-global-color-5)","background-image":"","background-repeat":"repeat","background-position":"center center","background-size":"auto","background-attachment":"scroll","background-type":"","background-media":"","overlay-type":"","overlay-color":"","overlay-opacity":"","overlay-gradient":""},"mobile":{"background-color":"var(--ast-global-color-5)","background-image":"","background-repeat":"repeat","background-position":"center center","background-size":"auto","background-attachment":"scroll","background-type":"","background-media":"","overlay-type":"","overlay-color":"","overlay-opacity":"","overlay-gradient":""}},"footnotes":""},"categories":[1,4],"tags":[],"class_list":["post-4873","post","type-post","status-publish","format-standard","has-post-thumbnail","hentry","category-general","category-portada"],"post_mailing_queue_ids":[],"_links":{"self":[{"href":"https:\/\/agora.xtec.cat\/escola-can-clos\/wp-json\/wp\/v2\/posts\/4873","targetHints":{"allow":["GET"]}}],"collection":[{"href":"https:\/\/agora.xtec.cat\/escola-can-clos\/wp-json\/wp\/v2\/posts"}],"about":[{"href":"https:\/\/agora.xtec.cat\/escola-can-clos\/wp-json\/wp\/v2\/types\/post"}],"author":[{"embeddable":true,"href":"https:\/\/agora.xtec.cat\/escola-can-clos\/wp-json\/wp\/v2\/users\/1"}],"replies":[{"embeddable":true,"href":"https:\/\/agora.xtec.cat\/escola-can-clos\/wp-json\/wp\/v2\/comments?post=4873"}],"version-history":[{"count":2,"href":"https:\/\/agora.xtec.cat\/escola-can-clos\/wp-json\/wp\/v2\/posts\/4873\/revisions"}],"predecessor-version":[{"id":4876,"href":"https:\/\/agora.xtec.cat\/escola-can-clos\/wp-json\/wp\/v2\/posts\/4873\/revisions\/4876"}],"wp:featuredmedia":[{"embeddable":true,"href":"https:\/\/agora.xtec.cat\/escola-can-clos\/wp-json\/wp\/v2\/media\/4874"}],"wp:attachment":[{"href":"https:\/\/agora.xtec.cat\/escola-can-clos\/wp-json\/wp\/v2\/media?parent=4873"}],"wp:term":[{"taxonomy":"category","embeddable":true,"href":"https:\/\/agora.xtec.cat\/escola-can-clos\/wp-json\/wp\/v2\/categories?post=4873"},{"taxonomy":"post_tag","embeddable":true,"href":"https:\/\/agora.xtec.cat\/escola-can-clos\/wp-json\/wp\/v2\/tags?post=4873"}],"curies":[{"name":"wp","href":"https:\/\/api.w.org\/{rel}","templated":true}]}}