{"id":9986,"date":"2018-06-05T12:02:15","date_gmt":"2018-06-05T10:02:15","guid":{"rendered":"http:\/\/agora.xtec.cat\/escola-bernatmetgeelprat\/?p=9986"},"modified":"2018-06-05T12:08:48","modified_gmt":"2018-06-05T10:08:48","slug":"5e-a-la-iv-jornada-intercentres-de-jocs-cooperatius","status":"publish","type":"post","link":"https:\/\/agora.xtec.cat\/escola-bernatmetgeelprat\/general\/5e-a-la-iv-jornada-intercentres-de-jocs-cooperatius\/","title":{"rendered":"5\u00e8 a la IV Jornada Intercentres de Jocs Cooperatius"},"content":{"rendered":"<p>El passat 23 de mar\u00e7 els nostres alumnes de 5\u00e8 van assistir a la IV Jornada de Jocs Cooperatius organitzada per la xarxa de mestres d&#8217;Educaci\u00f3 F\u00edsica.<\/p>\n<p>All\u00e0 van poder gaudir, per quart any consecutiu, d&#8217;un mat\u00ed on l&#8217;objectiu era potenciar les relacions socials i el Treball en equip a trav\u00e9s dels jocs cooperatius entre alumnes de diferents escoles del municipi.<\/p>\n<p><a href=\"https:\/\/photos.app.goo.gl\/RBdZa3Z7oU0e00sk1\"><img loading=\"lazy\" decoding=\"async\" class=\"alignnone size-medium wp-image-10011\" src=\"http:\/\/agora.xtec.cat\/escola-bernatmetgeelprat\/wp-content\/uploads\/usu186\/2018\/05\/20180323_100336-redimensionada-300x225.jpg\" alt=\"\" width=\"300\" height=\"225\" srcset=\"https:\/\/agora.xtec.cat\/escola-bernatmetgeelprat\/wp-content\/uploads\/usu186\/2018\/05\/20180323_100336-redimensionada-300x225.jpg 300w, https:\/\/agora.xtec.cat\/escola-bernatmetgeelprat\/wp-content\/uploads\/usu186\/2018\/05\/20180323_100336-redimensionada-200x150.jpg 200w, https:\/\/agora.xtec.cat\/escola-bernatmetgeelprat\/wp-content\/uploads\/usu186\/2018\/05\/20180323_100336-redimensionada.jpg 750w\" sizes=\"auto, (max-width: 300px) 100vw, 300px\" \/><\/a><\/p>\n<p>Clicant a la imatge podreu accedir a l\u2019\u00e0lbum de fotos de l\u2019activitat.<\/p>\n<p>(Av\u00eds: La publicaci\u00f3 d\u2019imatges de l\u2019alumnat de l\u2019escola correspon \u00fanicament a la pr\u00f2pia escola. Per tant, \u00e9s prohibida la difusi\u00f3 o manipulaci\u00f3 en d\u2019altres espais p\u00fablics. Llei org\u00e0nica 1\/1982 de 5 de maig sobre el dret a l\u2019honor, a la pr\u00f2pia intimitat i la pr\u00f2pia imatge.)<\/p>\n","protected":false},"excerpt":{"rendered":"<p>El passat 23 de mar\u00e7 els nostres alumnes de 5\u00e8 van assistir a la IV Jornada de Jocs Cooperatius organitzada per la xarxa de mestres d&#8217;Educaci\u00f3 F\u00edsica.<br \/>\nAll\u00e0 van poder gaudir, per quart any consecutiu, d&#8217;un mat\u00ed on l&#8217;objectiu era potenciar les relacions socials i el&hellip;  <a href=\"https:\/\/agora.xtec.cat\/escola-bernatmetgeelprat\/general\/5e-a-la-iv-jornada-intercentres-de-jocs-cooperatius\/\" title=\"Read 5\u00e8 a la IV Jornada Intercentres de Jocs Cooperatius\">Llegeix m\u00e9s\u00bb<\/a><\/p>\n","protected":false},"author":1,"featured_media":0,"comment_status":"open","ping_status":"closed","sticky":false,"template":"","format":"standard","meta":{"_bbp_topic_count":0,"_bbp_reply_count":0,"_bbp_total_topic_count":0,"_bbp_total_reply_count":0,"_bbp_voice_count":0,"_bbp_anonymous_reply_count":0,"_bbp_topic_count_hidden":0,"_bbp_reply_count_hidden":0,"_bbp_forum_subforum_count":0,"footnotes":""},"categories":[14,1,4],"tags":[],"class_list":["post-9986","post","type-post","status-publish","format-standard","hentry","category-5e","category-general","category-portada"],"post_mailing_queue_ids":[],"_links":{"self":[{"href":"https:\/\/agora.xtec.cat\/escola-bernatmetgeelprat\/wp-json\/wp\/v2\/posts\/9986","targetHints":{"allow":["GET"]}}],"collection":[{"href":"https:\/\/agora.xtec.cat\/escola-bernatmetgeelprat\/wp-json\/wp\/v2\/posts"}],"about":[{"href":"https:\/\/agora.xtec.cat\/escola-bernatmetgeelprat\/wp-json\/wp\/v2\/types\/post"}],"author":[{"embeddable":true,"href":"https:\/\/agora.xtec.cat\/escola-bernatmetgeelprat\/wp-json\/wp\/v2\/users\/1"}],"replies":[{"embeddable":true,"href":"https:\/\/agora.xtec.cat\/escola-bernatmetgeelprat\/wp-json\/wp\/v2\/comments?post=9986"}],"version-history":[{"count":3,"href":"https:\/\/agora.xtec.cat\/escola-bernatmetgeelprat\/wp-json\/wp\/v2\/posts\/9986\/revisions"}],"predecessor-version":[{"id":10013,"href":"https:\/\/agora.xtec.cat\/escola-bernatmetgeelprat\/wp-json\/wp\/v2\/posts\/9986\/revisions\/10013"}],"wp:attachment":[{"href":"https:\/\/agora.xtec.cat\/escola-bernatmetgeelprat\/wp-json\/wp\/v2\/media?parent=9986"}],"wp:term":[{"taxonomy":"category","embeddable":true,"href":"https:\/\/agora.xtec.cat\/escola-bernatmetgeelprat\/wp-json\/wp\/v2\/categories?post=9986"},{"taxonomy":"post_tag","embeddable":true,"href":"https:\/\/agora.xtec.cat\/escola-bernatmetgeelprat\/wp-json\/wp\/v2\/tags?post=9986"}],"curies":[{"name":"wp","href":"https:\/\/api.w.org\/{rel}","templated":true}]}}