{"id":9794,"date":"2018-04-11T11:18:13","date_gmt":"2018-04-11T09:18:13","guid":{"rendered":"http:\/\/agora.xtec.cat\/escola-bernatmetgeelprat\/?p=9794"},"modified":"2018-04-11T11:30:43","modified_gmt":"2018-04-11T09:30:43","slug":"oferta-inicial-vacants-preinscripcio-2018-2019","status":"publish","type":"post","link":"https:\/\/agora.xtec.cat\/escola-bernatmetgeelprat\/general\/oferta-inicial-vacants-preinscripcio-2018-2019\/","title":{"rendered":"Oferta inicial vacants preinscripci\u00f3 2018-2019"},"content":{"rendered":"<p>Les vacants oferides per la nostra escola s\u00f3n les seg\u00fcents:<\/p>\n<p><a href=\"http:\/\/agora.xtec.cat\/escola-bernatmetgeelprat\/wp-content\/uploads\/usu186\/2018\/04\/oferta-vacants.png\"><img loading=\"lazy\" decoding=\"async\" class=\"aligncenter size-full wp-image-9795\" src=\"http:\/\/agora.xtec.cat\/escola-bernatmetgeelprat\/wp-content\/uploads\/usu186\/2018\/04\/oferta-vacants.png\" alt=\"\" width=\"795\" height=\"557\" srcset=\"https:\/\/agora.xtec.cat\/escola-bernatmetgeelprat\/wp-content\/uploads\/usu186\/2018\/04\/oferta-vacants.png 795w, https:\/\/agora.xtec.cat\/escola-bernatmetgeelprat\/wp-content\/uploads\/usu186\/2018\/04\/oferta-vacants-300x210.png 300w, https:\/\/agora.xtec.cat\/escola-bernatmetgeelprat\/wp-content\/uploads\/usu186\/2018\/04\/oferta-vacants-768x538.png 768w\" sizes=\"auto, (max-width: 795px) 100vw, 795px\" \/><\/a><\/p>\n<p>Les vacants des de P4 fins a 6\u00e8 poden variar depenen de baixes produ\u00efdes al centre o matricules vives realitzades abans del proc\u00e9s de preinscripci\u00f3.<\/p>\n<p>La nostra escola disposa de servei de menjador gestionat per l&#8217;AMPA. Aquest servei ofereix diferents men\u00fas tenint en compte totes les al\u00b7l\u00e8rgies e intoler\u00e0ncies. D&#8217;aquesta manera tamb\u00e9 disposem de men\u00fas per a nens i nenes cel\u00edacs.<\/p>\n","protected":false},"excerpt":{"rendered":"<p>Les vacants oferides per la nostra escola s\u00f3n les seg\u00fcents:<br \/>\n<a href=\"http:\/\/agora.xtec.cat\/escola-bernatmetgeelprat\/wp-content\/uploads\/usu186\/2018\/04\/oferta-vacants.png\"><\/a><br \/>\nLes vacants des de P4 fins a 6\u00e8 poden variar depenen de baixes produ\u00efdes al centre o matricules vives realitzades abans del proc\u00e9s de preinscripci\u00f3.<br \/>\nLa nostra escola disposa de servei de menjador gestionat per l&#8217;AMPA.&hellip;  <a href=\"https:\/\/agora.xtec.cat\/escola-bernatmetgeelprat\/general\/oferta-inicial-vacants-preinscripcio-2018-2019\/\" title=\"Read Oferta inicial vacants preinscripci\u00f3 2018-2019\">Llegeix m\u00e9s\u00bb<\/a><\/p>\n","protected":false},"author":1,"featured_media":9795,"comment_status":"open","ping_status":"closed","sticky":false,"template":"","format":"standard","meta":{"_bbp_topic_count":0,"_bbp_reply_count":0,"_bbp_total_topic_count":0,"_bbp_total_reply_count":0,"_bbp_voice_count":0,"_bbp_anonymous_reply_count":0,"_bbp_topic_count_hidden":0,"_bbp_reply_count_hidden":0,"_bbp_forum_subforum_count":0,"footnotes":""},"categories":[1,4],"tags":[],"class_list":["post-9794","post","type-post","status-publish","format-standard","has-post-thumbnail","hentry","category-general","category-portada"],"post_mailing_queue_ids":[],"_links":{"self":[{"href":"https:\/\/agora.xtec.cat\/escola-bernatmetgeelprat\/wp-json\/wp\/v2\/posts\/9794","targetHints":{"allow":["GET"]}}],"collection":[{"href":"https:\/\/agora.xtec.cat\/escola-bernatmetgeelprat\/wp-json\/wp\/v2\/posts"}],"about":[{"href":"https:\/\/agora.xtec.cat\/escola-bernatmetgeelprat\/wp-json\/wp\/v2\/types\/post"}],"author":[{"embeddable":true,"href":"https:\/\/agora.xtec.cat\/escola-bernatmetgeelprat\/wp-json\/wp\/v2\/users\/1"}],"replies":[{"embeddable":true,"href":"https:\/\/agora.xtec.cat\/escola-bernatmetgeelprat\/wp-json\/wp\/v2\/comments?post=9794"}],"version-history":[{"count":2,"href":"https:\/\/agora.xtec.cat\/escola-bernatmetgeelprat\/wp-json\/wp\/v2\/posts\/9794\/revisions"}],"predecessor-version":[{"id":9797,"href":"https:\/\/agora.xtec.cat\/escola-bernatmetgeelprat\/wp-json\/wp\/v2\/posts\/9794\/revisions\/9797"}],"wp:featuredmedia":[{"embeddable":true,"href":"https:\/\/agora.xtec.cat\/escola-bernatmetgeelprat\/wp-json\/wp\/v2\/media\/9795"}],"wp:attachment":[{"href":"https:\/\/agora.xtec.cat\/escola-bernatmetgeelprat\/wp-json\/wp\/v2\/media?parent=9794"}],"wp:term":[{"taxonomy":"category","embeddable":true,"href":"https:\/\/agora.xtec.cat\/escola-bernatmetgeelprat\/wp-json\/wp\/v2\/categories?post=9794"},{"taxonomy":"post_tag","embeddable":true,"href":"https:\/\/agora.xtec.cat\/escola-bernatmetgeelprat\/wp-json\/wp\/v2\/tags?post=9794"}],"curies":[{"name":"wp","href":"https:\/\/api.w.org\/{rel}","templated":true}]}}