{"id":9488,"date":"2018-02-06T18:00:58","date_gmt":"2018-02-06T17:00:58","guid":{"rendered":"http:\/\/agora.xtec.cat\/escola-bernatmetgeelprat\/?p=9488"},"modified":"2018-02-06T18:06:09","modified_gmt":"2018-02-06T17:06:09","slug":"ja-ha-arribat-la-carnestoltes","status":"publish","type":"post","link":"https:\/\/agora.xtec.cat\/escola-bernatmetgeelprat\/infantil\/ja-ha-arribat-la-carnestoltes\/","title":{"rendered":"Ja ha arribat la Carnestoltes!"},"content":{"rendered":"<p style=\"text-align: justify;\">El dilluns 5 de febrer tots els nens i nenes de l&#8217;escola vam rebre a la reina Carnestoltes a la sala polivalent de l&#8217;escola.<\/p>\n<p>Els alumnes de 5\u00e8 van llegir el seu preg\u00f3 de benvinguda i van explicar les consignes que haurem d&#8217;obeir durant aquesta setmana.<\/p>\n<p>Dimarts 6 <strong>pijama, sabatilles i peluix<\/strong> portar\u00e0s i una festa de pijames celebrar\u00e0s.<\/p>\n<p>Dimecres 7 pel dia comen\u00e7ar la <strong>cara ben pintada<\/strong> haureu de portar.<\/p>\n<p>Dijous 8 avui de <strong>gala<\/strong> vindr\u00e0s i tot guapo estar\u00e0s.<\/p>\n<p>Divendres 9 a la tarda us esperem <strong>disfressats<\/strong> per fer una festa ben gran celebrar.<\/p>\n<p><a href=\"https:\/\/photos.app.goo.gl\/n59kpZPB7Xd5QbBB2\" target=\"_blank\" rel=\"noopener noreferrer\"><img loading=\"lazy\" decoding=\"async\" class=\"aligncenter size-large wp-image-9489\" src=\"http:\/\/agora.xtec.cat\/escola-bernatmetgeelprat\/wp-content\/uploads\/usu186\/2018\/02\/IMG_20180205_114621-1024x768.jpg\" alt=\"\" width=\"1024\" height=\"768\" srcset=\"https:\/\/agora.xtec.cat\/escola-bernatmetgeelprat\/wp-content\/uploads\/usu186\/2018\/02\/IMG_20180205_114621-1024x768.jpg 1024w, https:\/\/agora.xtec.cat\/escola-bernatmetgeelprat\/wp-content\/uploads\/usu186\/2018\/02\/IMG_20180205_114621-300x225.jpg 300w, https:\/\/agora.xtec.cat\/escola-bernatmetgeelprat\/wp-content\/uploads\/usu186\/2018\/02\/IMG_20180205_114621-768x576.jpg 768w, https:\/\/agora.xtec.cat\/escola-bernatmetgeelprat\/wp-content\/uploads\/usu186\/2018\/02\/IMG_20180205_114621-200x150.jpg 200w\" sizes=\"auto, (max-width: 1024px) 100vw, 1024px\" \/><\/a><\/p>\n<p>Clicant a la imatge podreu accedir a l\u2019\u00e0lbum de fotos del preg\u00f3.<\/p>\n<p>(Av\u00eds: La publicaci\u00f3 d\u2019imatges de l\u2019alumnat de l\u2019escola correspon \u00fanicament a la pr\u00f2pia escola. Per tant, \u00e9s prohibida la difusi\u00f3 o manipulaci\u00f3 en d\u2019altres espais p\u00fablics. Llei org\u00e0nica 1\/1982 de 5 de maig sobre el dret a l\u2019honor, a la pr\u00f2pia intimitat i la pr\u00f2pia imatge.)<\/p>\n<p>&nbsp;<\/p>\n","protected":false},"excerpt":{"rendered":"<p>El dilluns 5 de febrer tots els nens i nenes de l&#8217;escola vam rebre a la reina Carnestoltes a la sala polivalent de l&#8217;escola.<br \/>\nEls alumnes de 5\u00e8 van llegir el seu preg\u00f3 de benvinguda i van explicar les consignes que haurem d&#8217;obeir durant aquesta setmana.<br \/>\nDimarts&hellip;  <a href=\"https:\/\/agora.xtec.cat\/escola-bernatmetgeelprat\/infantil\/ja-ha-arribat-la-carnestoltes\/\" title=\"Read Ja ha arribat la Carnestoltes!\">Llegeix m\u00e9s\u00bb<\/a><\/p>\n","protected":false},"author":1,"featured_media":9489,"comment_status":"open","ping_status":"closed","sticky":false,"template":"","format":"standard","meta":{"_bbp_topic_count":0,"_bbp_reply_count":0,"_bbp_total_topic_count":0,"_bbp_total_reply_count":0,"_bbp_voice_count":0,"_bbp_anonymous_reply_count":0,"_bbp_topic_count_hidden":0,"_bbp_reply_count_hidden":0,"_bbp_forum_subforum_count":0,"footnotes":""},"categories":[23,25,26,27,22,2,4],"tags":[],"class_list":["post-9488","post","type-post","status-publish","format-standard","has-post-thumbnail","hentry","category-carnaval","category-cicle-inicial","category-cicle-mitja","category-cicle-superior","category-festes","category-infantil","category-portada"],"post_mailing_queue_ids":[],"_links":{"self":[{"href":"https:\/\/agora.xtec.cat\/escola-bernatmetgeelprat\/wp-json\/wp\/v2\/posts\/9488","targetHints":{"allow":["GET"]}}],"collection":[{"href":"https:\/\/agora.xtec.cat\/escola-bernatmetgeelprat\/wp-json\/wp\/v2\/posts"}],"about":[{"href":"https:\/\/agora.xtec.cat\/escola-bernatmetgeelprat\/wp-json\/wp\/v2\/types\/post"}],"author":[{"embeddable":true,"href":"https:\/\/agora.xtec.cat\/escola-bernatmetgeelprat\/wp-json\/wp\/v2\/users\/1"}],"replies":[{"embeddable":true,"href":"https:\/\/agora.xtec.cat\/escola-bernatmetgeelprat\/wp-json\/wp\/v2\/comments?post=9488"}],"version-history":[{"count":3,"href":"https:\/\/agora.xtec.cat\/escola-bernatmetgeelprat\/wp-json\/wp\/v2\/posts\/9488\/revisions"}],"predecessor-version":[{"id":9495,"href":"https:\/\/agora.xtec.cat\/escola-bernatmetgeelprat\/wp-json\/wp\/v2\/posts\/9488\/revisions\/9495"}],"wp:featuredmedia":[{"embeddable":true,"href":"https:\/\/agora.xtec.cat\/escola-bernatmetgeelprat\/wp-json\/wp\/v2\/media\/9489"}],"wp:attachment":[{"href":"https:\/\/agora.xtec.cat\/escola-bernatmetgeelprat\/wp-json\/wp\/v2\/media?parent=9488"}],"wp:term":[{"taxonomy":"category","embeddable":true,"href":"https:\/\/agora.xtec.cat\/escola-bernatmetgeelprat\/wp-json\/wp\/v2\/categories?post=9488"},{"taxonomy":"post_tag","embeddable":true,"href":"https:\/\/agora.xtec.cat\/escola-bernatmetgeelprat\/wp-json\/wp\/v2\/tags?post=9488"}],"curies":[{"name":"wp","href":"https:\/\/api.w.org\/{rel}","templated":true}]}}