{"id":9424,"date":"2018-01-23T13:43:58","date_gmt":"2018-01-23T12:43:58","guid":{"rendered":"http:\/\/agora.xtec.cat\/escola-bernatmetgeelprat\/?p=9424"},"modified":"2018-01-23T13:44:52","modified_gmt":"2018-01-23T12:44:52","slug":"ambient-a-educacio-infantil","status":"publish","type":"post","link":"https:\/\/agora.xtec.cat\/escola-bernatmetgeelprat\/infantil\/ambient-a-educacio-infantil\/","title":{"rendered":"Ambients a Educaci\u00f3 Infantil"},"content":{"rendered":"<p>Aquest segon trimestre hem iniciat els Ambients a Educaci\u00f3 Infantil. L&#8217;escola vol crear nous camins educatius donant sentit a l&#8217;educaci\u00f3 actual afavorint l&#8217;escola viva i activa.<\/p>\n<p>Aquesta manera d&#8217;ensenyar i aprendre t\u00e9 com a principal objectiu el foment d&#8217;un aprenentatge espontani i lliure a partir de la motivaci\u00f3 dels infants. Treballar per ambients trenca amb l&#8217;esquema del treball dins el grup-classe i convida als infants a una exploraci\u00f3 de diferents possibilitats, ideades per ells mateixos interactuant entre si, en espais i materials diversos.<\/p>\n<p>Aquests espais tem\u00e0tics\u00a0afavoreixen les\u00a0 situacions d&#8217;experimentaci\u00f3 i investigaci\u00f3 dels alumnes.<\/p>\n<p><a href=\"https:\/\/photos.app.goo.gl\/T9fWMFayaNNI2ogi1\" target=\"_blank\" rel=\"noopener noreferrer\"><img loading=\"lazy\" decoding=\"async\" class=\"aligncenter size-large wp-image-9425\" src=\"http:\/\/agora.xtec.cat\/escola-bernatmetgeelprat\/wp-content\/uploads\/usu186\/2018\/01\/IMG_20180117_154233-1024x768.jpg\" alt=\"\" width=\"1024\" height=\"768\" srcset=\"https:\/\/agora.xtec.cat\/escola-bernatmetgeelprat\/wp-content\/uploads\/usu186\/2018\/01\/IMG_20180117_154233-1024x768.jpg 1024w, https:\/\/agora.xtec.cat\/escola-bernatmetgeelprat\/wp-content\/uploads\/usu186\/2018\/01\/IMG_20180117_154233-300x225.jpg 300w, https:\/\/agora.xtec.cat\/escola-bernatmetgeelprat\/wp-content\/uploads\/usu186\/2018\/01\/IMG_20180117_154233-768x576.jpg 768w, https:\/\/agora.xtec.cat\/escola-bernatmetgeelprat\/wp-content\/uploads\/usu186\/2018\/01\/IMG_20180117_154233-200x150.jpg 200w\" sizes=\"auto, (max-width: 1024px) 100vw, 1024px\" \/><\/a><\/p>\n<p>Clicant a la imatge podreu accedir a l\u2019\u00e0lbum de fotos dels ambients.<\/p>\n<p>(Av\u00eds: La publicaci\u00f3 d\u2019imatges de l\u2019alumnat de l\u2019escola correspon \u00fanicament a la pr\u00f2pia escola. Per tant, \u00e9s prohibida la difusi\u00f3 o manipulaci\u00f3 en d\u2019altres espais p\u00fablics. Llei org\u00e0nica 1\/1982 de 5 de maig sobre el dret a l\u2019honor, a la pr\u00f2pia intimitat i la pr\u00f2pia imatge.)<\/p>\n","protected":false},"excerpt":{"rendered":"<p>Aquest segon trimestre hem iniciat els Ambients a Educaci\u00f3 Infantil. L&#8217;escola vol crear nous camins educatius donant sentit a l&#8217;educaci\u00f3 actual afavorint l&#8217;escola viva i activa.<br \/>\nAquesta manera d&#8217;ensenyar i aprendre t\u00e9 com a principal objectiu el foment d&#8217;un aprenentatge espontani i lliure a partir de&hellip;  <a href=\"https:\/\/agora.xtec.cat\/escola-bernatmetgeelprat\/infantil\/ambient-a-educacio-infantil\/\" title=\"Read Ambients a Educaci\u00f3 Infantil\">Llegeix m\u00e9s\u00bb<\/a><\/p>\n","protected":false},"author":1,"featured_media":0,"comment_status":"open","ping_status":"closed","sticky":false,"template":"","format":"standard","meta":{"_bbp_topic_count":0,"_bbp_reply_count":0,"_bbp_total_topic_count":0,"_bbp_total_reply_count":0,"_bbp_voice_count":0,"_bbp_anonymous_reply_count":0,"_bbp_topic_count_hidden":0,"_bbp_reply_count_hidden":0,"_bbp_forum_subforum_count":0,"footnotes":""},"categories":[3,8,9,2,4,30],"tags":[],"class_list":["post-9424","post","type-post","status-publish","format-standard","hentry","category-i3","category-i4","category-i5","category-infantil","category-portada","category-projectes"],"post_mailing_queue_ids":[],"_links":{"self":[{"href":"https:\/\/agora.xtec.cat\/escola-bernatmetgeelprat\/wp-json\/wp\/v2\/posts\/9424","targetHints":{"allow":["GET"]}}],"collection":[{"href":"https:\/\/agora.xtec.cat\/escola-bernatmetgeelprat\/wp-json\/wp\/v2\/posts"}],"about":[{"href":"https:\/\/agora.xtec.cat\/escola-bernatmetgeelprat\/wp-json\/wp\/v2\/types\/post"}],"author":[{"embeddable":true,"href":"https:\/\/agora.xtec.cat\/escola-bernatmetgeelprat\/wp-json\/wp\/v2\/users\/1"}],"replies":[{"embeddable":true,"href":"https:\/\/agora.xtec.cat\/escola-bernatmetgeelprat\/wp-json\/wp\/v2\/comments?post=9424"}],"version-history":[{"count":3,"href":"https:\/\/agora.xtec.cat\/escola-bernatmetgeelprat\/wp-json\/wp\/v2\/posts\/9424\/revisions"}],"predecessor-version":[{"id":9428,"href":"https:\/\/agora.xtec.cat\/escola-bernatmetgeelprat\/wp-json\/wp\/v2\/posts\/9424\/revisions\/9428"}],"wp:attachment":[{"href":"https:\/\/agora.xtec.cat\/escola-bernatmetgeelprat\/wp-json\/wp\/v2\/media?parent=9424"}],"wp:term":[{"taxonomy":"category","embeddable":true,"href":"https:\/\/agora.xtec.cat\/escola-bernatmetgeelprat\/wp-json\/wp\/v2\/categories?post=9424"},{"taxonomy":"post_tag","embeddable":true,"href":"https:\/\/agora.xtec.cat\/escola-bernatmetgeelprat\/wp-json\/wp\/v2\/tags?post=9424"}],"curies":[{"name":"wp","href":"https:\/\/api.w.org\/{rel}","templated":true}]}}