{"id":9327,"date":"2017-12-08T23:00:27","date_gmt":"2017-12-08T22:00:27","guid":{"rendered":"http:\/\/agora.xtec.cat\/escola-bernatmetgeelprat\/?p=9327"},"modified":"2017-12-08T23:05:14","modified_gmt":"2017-12-08T22:05:14","slug":"tast-tech-drons-al-prat-al","status":"publish","type":"post","link":"https:\/\/agora.xtec.cat\/escola-bernatmetgeelprat\/general\/tast-tech-drons-al-prat-al\/","title":{"rendered":"Tast Tech: Drons al Prat !"},"content":{"rendered":"<p><strong><em>Has tingut mai un dron a les teves mans? L&#8217;has fet volar? Saps com es construeix? Per a qu\u00e8 s&#8217;utilitzen i quines s\u00f3n les seves possibilitats tecno\u00e8tiques? Si vols viure tot aix\u00f2 i vols experimentar la vista d&#8217;ocell, no et pots perdre aquesta jornada!!<\/em><\/strong><\/p>\n<p>Aquest\u00a0dijous 14 de desembre, de 18:00 a 20:00 hores, el Centre C\u00edvic Sant Jordi Ribera Baixa\u00a0ofereix a les fam\u00edlies una activitat que t\u00e9 molt bona pinta i promet ser for\u00e7a interessant&#8230;<\/p>\n<p>Animeu-vos a participar !<\/p>\n<p>Podeu fer la inscripci\u00f3 al web de l&#8217;ajuntament. El teniu enlla\u00e7at a la imatge.<\/p>\n<p><a href=\"http:\/\/www.elprat.cat\/la-ciutat\/guia-agenda\/tast-tech-drons\" target=\"_blank\" rel=\"noopener noreferrer\"><img loading=\"lazy\" decoding=\"async\" class=\"aligncenter size-full wp-image-9328\" src=\"http:\/\/agora.xtec.cat\/escola-bernatmetgeelprat\/wp-content\/uploads\/usu186\/2017\/12\/testtech_text_agenda-copia.jpg\" alt=\"\" width=\"715\" height=\"400\" srcset=\"https:\/\/agora.xtec.cat\/escola-bernatmetgeelprat\/wp-content\/uploads\/usu186\/2017\/12\/testtech_text_agenda-copia.jpg 715w, https:\/\/agora.xtec.cat\/escola-bernatmetgeelprat\/wp-content\/uploads\/usu186\/2017\/12\/testtech_text_agenda-copia-300x168.jpg 300w\" sizes=\"auto, (max-width: 715px) 100vw, 715px\" \/><\/a><\/p>\n","protected":false},"excerpt":{"rendered":"<p>Has tingut mai un dron a les teves mans? L&#8217;has fet volar? Saps com es construeix? Per a qu\u00e8 s&#8217;utilitzen i quines s\u00f3n les seves possibilitats tecno\u00e8tiques? Si vols viure tot aix\u00f2 i vols experimentar la vista d&#8217;ocell, no et pots perdre aquesta jornada!!<br \/>\nAquest\u00a0dijous 14&hellip;  <a href=\"https:\/\/agora.xtec.cat\/escola-bernatmetgeelprat\/general\/tast-tech-drons-al-prat-al\/\" title=\"Read Tast Tech: Drons al Prat !\">Llegeix m\u00e9s\u00bb<\/a><\/p>\n","protected":false},"author":1,"featured_media":0,"comment_status":"open","ping_status":"closed","sticky":false,"template":"","format":"standard","meta":{"_bbp_topic_count":0,"_bbp_reply_count":0,"_bbp_total_topic_count":0,"_bbp_total_reply_count":0,"_bbp_voice_count":0,"_bbp_anonymous_reply_count":0,"_bbp_topic_count_hidden":0,"_bbp_reply_count_hidden":0,"_bbp_forum_subforum_count":0,"footnotes":""},"categories":[1,4],"tags":[],"class_list":["post-9327","post","type-post","status-publish","format-standard","hentry","category-general","category-portada"],"post_mailing_queue_ids":[],"_links":{"self":[{"href":"https:\/\/agora.xtec.cat\/escola-bernatmetgeelprat\/wp-json\/wp\/v2\/posts\/9327","targetHints":{"allow":["GET"]}}],"collection":[{"href":"https:\/\/agora.xtec.cat\/escola-bernatmetgeelprat\/wp-json\/wp\/v2\/posts"}],"about":[{"href":"https:\/\/agora.xtec.cat\/escola-bernatmetgeelprat\/wp-json\/wp\/v2\/types\/post"}],"author":[{"embeddable":true,"href":"https:\/\/agora.xtec.cat\/escola-bernatmetgeelprat\/wp-json\/wp\/v2\/users\/1"}],"replies":[{"embeddable":true,"href":"https:\/\/agora.xtec.cat\/escola-bernatmetgeelprat\/wp-json\/wp\/v2\/comments?post=9327"}],"version-history":[{"count":3,"href":"https:\/\/agora.xtec.cat\/escola-bernatmetgeelprat\/wp-json\/wp\/v2\/posts\/9327\/revisions"}],"predecessor-version":[{"id":9331,"href":"https:\/\/agora.xtec.cat\/escola-bernatmetgeelprat\/wp-json\/wp\/v2\/posts\/9327\/revisions\/9331"}],"wp:attachment":[{"href":"https:\/\/agora.xtec.cat\/escola-bernatmetgeelprat\/wp-json\/wp\/v2\/media?parent=9327"}],"wp:term":[{"taxonomy":"category","embeddable":true,"href":"https:\/\/agora.xtec.cat\/escola-bernatmetgeelprat\/wp-json\/wp\/v2\/categories?post=9327"},{"taxonomy":"post_tag","embeddable":true,"href":"https:\/\/agora.xtec.cat\/escola-bernatmetgeelprat\/wp-json\/wp\/v2\/tags?post=9327"}],"curies":[{"name":"wp","href":"https:\/\/api.w.org\/{rel}","templated":true}]}}