{"id":26485,"date":"2026-04-16T13:53:32","date_gmt":"2026-04-16T11:53:32","guid":{"rendered":"https:\/\/agora.xtec.cat\/escola-bernatmetgeelprat\/?p=26485"},"modified":"2026-04-20T12:22:12","modified_gmt":"2026-04-20T10:22:12","slug":"bots-kids-bm-participa-a-la-final-de-la-first-lego-league-a-burgos","status":"publish","type":"post","link":"https:\/\/agora.xtec.cat\/escola-bernatmetgeelprat\/portada\/bots-kids-bm-participa-a-la-final-de-la-first-lego-league-a-burgos\/","title":{"rendered":"Bots Kids BM participa a la final de la FIRST LEGO League a Burgos"},"content":{"rendered":"<p style=\"text-align: justify;\" data-start=\"166\" data-end=\"316\">El passat 11 d\u2019abril, l\u2019equip <strong data-start=\"196\" data-end=\"212\">Bots Kids BM<\/strong>, format per alumnes de 6\u00e8, va participar a la final estatal de la FIRST LEGO League celebrada a Burgos.<\/p>\n<p style=\"text-align: justify;\" data-start=\"318\" data-end=\"513\">Va ser una jornada molt especial, plena d\u2019emocions, reptes i aprenentatges, on l\u2019alumnat va poder viure en primera persona una competici\u00f3 d\u2019alt nivell i compartir espai amb equips de tot el pa\u00eds.<\/p>\n<p style=\"text-align: justify;\" data-start=\"515\" data-end=\"815\">Durant la jornada, l\u2019equip va presentar el seu robot arque\u00f2leg i va competir en les diferents rondes del joc del robot amb el seu disseny a la taula de joc, donant el m\u00e0xim en cada moment. La seva actuaci\u00f3 va ser excel\u00b7lent, reflectint tot el treball, l\u2019esfor\u00e7 i la dedicaci\u00f3 de les \u00faltimes setmanes.<\/p>\n<p style=\"text-align: justify;\" data-start=\"817\" data-end=\"1023\">M\u00e9s enll\u00e0 de la competici\u00f3, van tenir l\u2019oportunitat de con\u00e8ixer equips de tota Espanya i compartir amb ells i elles els aprenentatges viscuts al llarg del projecte, fent encara m\u00e9s gran aquesta experi\u00e8ncia.<\/p>\n<p style=\"text-align: justify;\" data-start=\"1025\" data-end=\"1229\">Tot i que en aquesta ocasi\u00f3 no es va obtenir cap premi, l\u2019equip torna amb alguna cosa molt m\u00e9s valuosa: una experi\u00e8ncia inoblidable, plena de moments, emocions i aprenentatges que els acompanyaran sempre.<\/p>\n<p style=\"text-align: justify;\" data-start=\"1231\" data-end=\"1422\">Des del centre, volem felicitar els nens i nenes per la seva implicaci\u00f3, actitud i esperit d\u2019equip, aix\u00ed com agrair el suport de les fam\u00edlies, que ens han acompanyat en aquesta gran aventura.<\/p>\n<p style=\"text-align: justify;\" data-start=\"1424\" data-end=\"1526\">Per reviure aquesta jornada tan especial, us compartim un v\u00eddeo resum amb alguns dels millors moments.<\/p>\n<p style=\"text-align: justify;\" data-start=\"1424\" data-end=\"1526\">Sens dubte, ha estat una experi\u00e8ncia per recordar!<\/p>\n<p data-start=\"1424\" data-end=\"1526\"><iframe loading=\"lazy\" title=\"YouTube video player\" src=\"https:\/\/www.youtube.com\/embed\/F8U5eC5UXGI?si=M2CN4jlf_GlP4pNd\" width=\"560\" height=\"315\" frameborder=\"0\" allowfullscreen=\"allowfullscreen\"><\/iframe><\/p>\n<p data-start=\"1424\" data-end=\"1526\"><a href=\"https:\/\/agora.xtec.cat\/escola-bernatmetgeelprat\/wp-content\/uploads\/usu186\/2026\/03\/proa.png\"><img loading=\"lazy\" decoding=\"async\" class=\"aligncenter size-full wp-image-26439\" src=\"https:\/\/agora.xtec.cat\/escola-bernatmetgeelprat\/wp-content\/uploads\/usu186\/2026\/03\/proa.png\" alt=\"\" width=\"1031\" height=\"108\" srcset=\"https:\/\/agora.xtec.cat\/escola-bernatmetgeelprat\/wp-content\/uploads\/usu186\/2026\/03\/proa.png 1031w, https:\/\/agora.xtec.cat\/escola-bernatmetgeelprat\/wp-content\/uploads\/usu186\/2026\/03\/proa-300x31.png 300w, https:\/\/agora.xtec.cat\/escola-bernatmetgeelprat\/wp-content\/uploads\/usu186\/2026\/03\/proa-1024x107.png 1024w, https:\/\/agora.xtec.cat\/escola-bernatmetgeelprat\/wp-content\/uploads\/usu186\/2026\/03\/proa-768x80.png 768w\" sizes=\"auto, (max-width: 1031px) 100vw, 1031px\" \/><\/a><\/p>\n","protected":false},"excerpt":{"rendered":"<p>El passat 11 d\u2019abril, l\u2019equip Bots Kids BM, format per alumnes de 6\u00e8, va participar a la final estatal de la FIRST LEGO League celebrada a Burgos.<br \/>\nVa ser una jornada molt especial, plena d\u2019emocions, reptes i aprenentatges, on l\u2019alumnat va poder viure en primera persona&hellip;  <a href=\"https:\/\/agora.xtec.cat\/escola-bernatmetgeelprat\/portada\/bots-kids-bm-participa-a-la-final-de-la-first-lego-league-a-burgos\/\" title=\"Read Bots Kids BM participa a la final de la FIRST LEGO League a Burgos\">Llegeix m\u00e9s\u00bb<\/a><\/p>\n","protected":false},"author":1,"featured_media":0,"comment_status":"open","ping_status":"open","sticky":false,"template":"","format":"standard","meta":{"_bbp_topic_count":0,"_bbp_reply_count":0,"_bbp_total_topic_count":0,"_bbp_total_reply_count":0,"_bbp_voice_count":0,"_bbp_anonymous_reply_count":0,"_bbp_topic_count_hidden":0,"_bbp_reply_count_hidden":0,"_bbp_forum_subforum_count":0,"footnotes":""},"categories":[107,15,27,69,4,5,115,30,78,74],"tags":[],"class_list":["post-26485","post","type-post","status-publish","format-standard","hentry","category-projectes-steam","category-6e","category-cicle-superior","category-noves-tecnologies","category-portada","category-primaria","category-proa","category-projectes","category-robotica-i-programacio","category-treball-per-projectes"],"post_mailing_queue_ids":[],"_links":{"self":[{"href":"https:\/\/agora.xtec.cat\/escola-bernatmetgeelprat\/wp-json\/wp\/v2\/posts\/26485","targetHints":{"allow":["GET"]}}],"collection":[{"href":"https:\/\/agora.xtec.cat\/escola-bernatmetgeelprat\/wp-json\/wp\/v2\/posts"}],"about":[{"href":"https:\/\/agora.xtec.cat\/escola-bernatmetgeelprat\/wp-json\/wp\/v2\/types\/post"}],"author":[{"embeddable":true,"href":"https:\/\/agora.xtec.cat\/escola-bernatmetgeelprat\/wp-json\/wp\/v2\/users\/1"}],"replies":[{"embeddable":true,"href":"https:\/\/agora.xtec.cat\/escola-bernatmetgeelprat\/wp-json\/wp\/v2\/comments?post=26485"}],"version-history":[{"count":3,"href":"https:\/\/agora.xtec.cat\/escola-bernatmetgeelprat\/wp-json\/wp\/v2\/posts\/26485\/revisions"}],"predecessor-version":[{"id":26493,"href":"https:\/\/agora.xtec.cat\/escola-bernatmetgeelprat\/wp-json\/wp\/v2\/posts\/26485\/revisions\/26493"}],"wp:attachment":[{"href":"https:\/\/agora.xtec.cat\/escola-bernatmetgeelprat\/wp-json\/wp\/v2\/media?parent=26485"}],"wp:term":[{"taxonomy":"category","embeddable":true,"href":"https:\/\/agora.xtec.cat\/escola-bernatmetgeelprat\/wp-json\/wp\/v2\/categories?post=26485"},{"taxonomy":"post_tag","embeddable":true,"href":"https:\/\/agora.xtec.cat\/escola-bernatmetgeelprat\/wp-json\/wp\/v2\/tags?post=26485"}],"curies":[{"name":"wp","href":"https:\/\/api.w.org\/{rel}","templated":true}]}}