{"id":26198,"date":"2025-10-09T21:13:48","date_gmt":"2025-10-09T19:13:48","guid":{"rendered":"https:\/\/agora.xtec.cat\/escola-bernatmetgeelprat\/?p=26198"},"modified":"2025-10-09T21:14:37","modified_gmt":"2025-10-09T19:14:37","slug":"quarta-jornada-a-lescola-destonia-muraste-kool","status":"publish","type":"post","link":"https:\/\/agora.xtec.cat\/escola-bernatmetgeelprat\/general\/quarta-jornada-a-lescola-destonia-muraste-kool\/","title":{"rendered":"Quarta jornada a l&#8217;escola d&#8217;Est\u00f2nia Muraste Kool"},"content":{"rendered":"<p style=\"text-align: justify;\" data-start=\"109\" data-end=\"250\">Avui hem tingut l\u2019oportunitat de viure una jornada molt enriquidora a l\u2019escola <strong data-start=\"233\" data-end=\"249\">Muraste Kool<\/strong>.<\/p>\n<p style=\"text-align: justify;\" data-start=\"252\" data-end=\"409\">\ud83e\uddee Hem comen\u00e7at el mat\u00ed a una classe de <strong data-start=\"292\" data-end=\"308\">matem\u00e0tiques<\/strong>, on l\u2019alumnat estava treballant la <strong data-start=\"344\" data-end=\"357\">geometria<\/strong> mitjan\u00e7ant activitats pr\u00e0ctiques.<\/p>\n<p style=\"text-align: justify;\" data-start=\"411\" data-end=\"784\">\ud83c\udfb6 Despr\u00e9s, hem visitat la classe de <strong data-start=\"448\" data-end=\"458\">M\u00fasica<\/strong>, on hem pogut presenciar l\u2019<strong data-start=\"486\" data-end=\"526\">assaig de les celebracions culturals<\/strong> del pa\u00eds que tindran lloc al novembre: la <strong data-start=\"569\" data-end=\"582\">Mardip\u00e4ev<\/strong> i la <strong data-start=\"588\" data-end=\"601\">Kadrip\u00e4ev<\/strong>. Els infants han representat danses tradicionals, han tocat instruments i han cantat can\u00e7ons populars, oferint-nos una mostra viva de la cultura estoniana. Ha estat tot un privilegi!<\/p>\n<p style=\"text-align: justify;\" data-start=\"786\" data-end=\"999\">\ud83d\udef4 Finalment, hem participat a la segona part de la classe d\u2019<strong data-start=\"847\" data-end=\"866\">Educaci\u00f3 F\u00edsica<\/strong>, on la mestra ens ha portat a fer una volta pel barri&#8230; <strong data-start=\"924\" data-end=\"939\">en patinet!<\/strong> Una manera divertida i activa de con\u00e8ixer l\u2019entorn escolar.<\/p>\n<p style=\"text-align: justify;\" data-start=\"1001\" data-end=\"1061\">Una jornada plena d\u2019aprenentatges, cultura i moviment! \ud83c\udf0d\ud83d\udcda\u2728<\/p>\n<p style=\"text-align: justify;\" data-start=\"1063\" data-end=\"1148\">#erasmusplus #sepie #MurasteKool #IntercanviCultural #Educaci\u00f3Internacional #Est\u00f2nia<\/p>\n<p data-start=\"1063\" data-end=\"1148\"><a href=\"https:\/\/photos.app.goo.gl\/LikFQCZ2KkrgxArn7\" target=\"_blank\" rel=\"noopener\"><img loading=\"lazy\" decoding=\"async\" class=\"aligncenter wp-image-26199\" src=\"https:\/\/agora.xtec.cat\/escola-bernatmetgeelprat\/wp-content\/uploads\/usu186\/2025\/10\/Captura-de-Pantalla-2025-10-09-a-las-20.51.29.png\" alt=\"\" width=\"288\" height=\"339\" srcset=\"https:\/\/agora.xtec.cat\/escola-bernatmetgeelprat\/wp-content\/uploads\/usu186\/2025\/10\/Captura-de-Pantalla-2025-10-09-a-las-20.51.29.png 470w, https:\/\/agora.xtec.cat\/escola-bernatmetgeelprat\/wp-content\/uploads\/usu186\/2025\/10\/Captura-de-Pantalla-2025-10-09-a-las-20.51.29-255x300.png 255w\" sizes=\"auto, (max-width: 288px) 100vw, 288px\" \/><\/a><\/p>\n<p style=\"text-align: justify;\" data-start=\"1063\" data-end=\"1148\">Clicant a la imatge podreu accedir a l\u2019\u00e0lbum de fotografies.<\/p>\n<p data-start=\"1063\" data-end=\"1148\"><a href=\"https:\/\/agora.xtec.cat\/escola-bernatmetgeelprat\/wp-content\/uploads\/usu186\/2025\/10\/es_cofinanciado_por_la_union_europea_pos-768x161-1.png\"><img loading=\"lazy\" decoding=\"async\" class=\"aligncenter size-full wp-image-26189\" src=\"https:\/\/agora.xtec.cat\/escola-bernatmetgeelprat\/wp-content\/uploads\/usu186\/2025\/10\/es_cofinanciado_por_la_union_europea_pos-768x161-1.png\" alt=\"\" width=\"768\" height=\"161\" srcset=\"https:\/\/agora.xtec.cat\/escola-bernatmetgeelprat\/wp-content\/uploads\/usu186\/2025\/10\/es_cofinanciado_por_la_union_europea_pos-768x161-1.png 768w, https:\/\/agora.xtec.cat\/escola-bernatmetgeelprat\/wp-content\/uploads\/usu186\/2025\/10\/es_cofinanciado_por_la_union_europea_pos-768x161-1-300x63.png 300w\" sizes=\"auto, (max-width: 768px) 100vw, 768px\" \/><\/a><\/p>\n","protected":false},"excerpt":{"rendered":"<p>Avui hem tingut l\u2019oportunitat de viure una jornada molt enriquidora a l\u2019escola Muraste Kool. \ud83e\uddee Hem comen\u00e7at el mat\u00ed a una classe de matem\u00e0tiques, on l\u2019alumnat estava treballant la geometria mitjan\u00e7ant activitats pr\u00e0ctiques. \ud83c\udfb6 Despr\u00e9s, hem visitat la classe de M\u00fasica, on hem pogut presenciar l\u2019assaig de les celebracions culturals del pa\u00eds que tindran lloc [&hellip;]<\/p>\n","protected":false},"author":1,"featured_media":0,"comment_status":"open","ping_status":"open","sticky":false,"template":"","format":"standard","meta":{"_bbp_topic_count":0,"_bbp_reply_count":0,"_bbp_total_topic_count":0,"_bbp_total_reply_count":0,"_bbp_voice_count":0,"_bbp_anonymous_reply_count":0,"_bbp_topic_count_hidden":0,"_bbp_reply_count_hidden":0,"_bbp_forum_subforum_count":0,"site-sidebar-layout":"default","site-content-layout":"","ast-site-content-layout":"","site-content-style":"default","site-sidebar-style":"default","ast-global-header-display":"","ast-banner-title-visibility":"","ast-main-header-display":"","ast-hfb-above-header-display":"","ast-hfb-below-header-display":"","ast-hfb-mobile-header-display":"","site-post-title":"","ast-breadcrumbs-content":"","ast-featured-img":"","footer-sml-layout":"","theme-transparent-header-meta":"","adv-header-id-meta":"","stick-header-meta":"","header-above-stick-meta":"","header-main-stick-meta":"","header-below-stick-meta":"","astra-migrate-meta-layouts":"default","ast-page-background-enabled":"default","ast-page-background-meta":{"desktop":{"background-color":"var(--ast-global-color-4)","background-image":"","background-repeat":"repeat","background-position":"center center","background-size":"auto","background-attachment":"scroll","background-type":"","background-media":"","overlay-type":"","overlay-color":"","overlay-opacity":"","overlay-gradient":""},"tablet":{"background-color":"","background-image":"","background-repeat":"repeat","background-position":"center center","background-size":"auto","background-attachment":"scroll","background-type":"","background-media":"","overlay-type":"","overlay-color":"","overlay-opacity":"","overlay-gradient":""},"mobile":{"background-color":"","background-image":"","background-repeat":"repeat","background-position":"center center","background-size":"auto","background-attachment":"scroll","background-type":"","background-media":"","overlay-type":"","overlay-color":"","overlay-opacity":"","overlay-gradient":""}},"ast-content-background-meta":{"desktop":{"background-color":"var(--ast-global-color-5)","background-image":"","background-repeat":"repeat","background-position":"center center","background-size":"auto","background-attachment":"scroll","background-type":"","background-media":"","overlay-type":"","overlay-color":"","overlay-opacity":"","overlay-gradient":""},"tablet":{"background-color":"var(--ast-global-color-5)","background-image":"","background-repeat":"repeat","background-position":"center center","background-size":"auto","background-attachment":"scroll","background-type":"","background-media":"","overlay-type":"","overlay-color":"","overlay-opacity":"","overlay-gradient":""},"mobile":{"background-color":"var(--ast-global-color-5)","background-image":"","background-repeat":"repeat","background-position":"center center","background-size":"auto","background-attachment":"scroll","background-type":"","background-media":"","overlay-type":"","overlay-color":"","overlay-opacity":"","overlay-gradient":""}},"footnotes":""},"categories":[114,62,1,4,30],"tags":[],"class_list":["post-26198","post","type-post","status-publish","format-standard","hentry","category-erasmus","category-escola-plurilingue-gep","category-general","category-portada","category-projectes"],"post_mailing_queue_ids":[],"_links":{"self":[{"href":"https:\/\/agora.xtec.cat\/escola-bernatmetgeelprat\/wp-json\/wp\/v2\/posts\/26198","targetHints":{"allow":["GET"]}}],"collection":[{"href":"https:\/\/agora.xtec.cat\/escola-bernatmetgeelprat\/wp-json\/wp\/v2\/posts"}],"about":[{"href":"https:\/\/agora.xtec.cat\/escola-bernatmetgeelprat\/wp-json\/wp\/v2\/types\/post"}],"author":[{"embeddable":true,"href":"https:\/\/agora.xtec.cat\/escola-bernatmetgeelprat\/wp-json\/wp\/v2\/users\/1"}],"replies":[{"embeddable":true,"href":"https:\/\/agora.xtec.cat\/escola-bernatmetgeelprat\/wp-json\/wp\/v2\/comments?post=26198"}],"version-history":[{"count":3,"href":"https:\/\/agora.xtec.cat\/escola-bernatmetgeelprat\/wp-json\/wp\/v2\/posts\/26198\/revisions"}],"predecessor-version":[{"id":26202,"href":"https:\/\/agora.xtec.cat\/escola-bernatmetgeelprat\/wp-json\/wp\/v2\/posts\/26198\/revisions\/26202"}],"wp:attachment":[{"href":"https:\/\/agora.xtec.cat\/escola-bernatmetgeelprat\/wp-json\/wp\/v2\/media?parent=26198"}],"wp:term":[{"taxonomy":"category","embeddable":true,"href":"https:\/\/agora.xtec.cat\/escola-bernatmetgeelprat\/wp-json\/wp\/v2\/categories?post=26198"},{"taxonomy":"post_tag","embeddable":true,"href":"https:\/\/agora.xtec.cat\/escola-bernatmetgeelprat\/wp-json\/wp\/v2\/tags?post=26198"}],"curies":[{"name":"wp","href":"https:\/\/api.w.org\/{rel}","templated":true}]}}