{"id":26106,"date":"2025-07-02T11:53:45","date_gmt":"2025-07-02T09:53:45","guid":{"rendered":"https:\/\/agora.xtec.cat\/escola-bernatmetgeelprat\/?p=26106"},"modified":"2025-07-02T13:56:37","modified_gmt":"2025-07-02T11:56:37","slug":"projectes-de-medi-cicle-inicial-els-oficis","status":"publish","type":"post","link":"https:\/\/agora.xtec.cat\/escola-bernatmetgeelprat\/general\/projectes-de-medi-cicle-inicial-els-oficis\/","title":{"rendered":"Projectes de medi Cicle Inicial. Els oficis"},"content":{"rendered":"<p style=\"text-align: justify;\">Volem compartir amb vosaltres un petit tastet de les exposicions orals que hem dut a terme durant el tercer trimestre.<\/p>\n<p>Imatges de Segon<\/p>\n<p><a href=\"https:\/\/www.canva.com\/design\/DAGpRyF0Szo\/kNC9fTO6GeICOZycCp9hNw\/view?utm_content=DAGpRyF0Szo&amp;utm_campaign=designshare&amp;utm_medium=link2&amp;utm_source=uniquelinks&amp;utlId=hda45655c66\" target=\"_blank\" rel=\"noopener\"><img loading=\"lazy\" decoding=\"async\" class=\"aligncenter wp-image-26107 size-full\" src=\"https:\/\/agora.xtec.cat\/escola-bernatmetgeelprat\/wp-content\/uploads\/usu186\/2025\/07\/Captura.png\" alt=\"\" width=\"659\" height=\"367\" srcset=\"https:\/\/agora.xtec.cat\/escola-bernatmetgeelprat\/wp-content\/uploads\/usu186\/2025\/07\/Captura.png 659w, https:\/\/agora.xtec.cat\/escola-bernatmetgeelprat\/wp-content\/uploads\/usu186\/2025\/07\/Captura-300x167.png 300w\" sizes=\"auto, (max-width: 659px) 100vw, 659px\" \/><\/a><\/p>\n<p>Imatges de Primer<\/p>\n<p><a href=\"https:\/\/www.canva.com\/design\/DAGp8zWw1Kc\/2apApI0gRSm-A33TSafWJg\/view?utm_content=DAGp8zWw1Kc&amp;utm_campaign=designshare&amp;utm_medium=link2&amp;utm_source=uniquelinks&amp;utlId=hba72daf574\" target=\"_blank\" rel=\"noopener\"><img loading=\"lazy\" decoding=\"async\" class=\"aligncenter wp-image-26107 size-full\" src=\"https:\/\/agora.xtec.cat\/escola-bernatmetgeelprat\/wp-content\/uploads\/usu186\/2025\/07\/Captura.png\" alt=\"\" width=\"659\" height=\"367\" srcset=\"https:\/\/agora.xtec.cat\/escola-bernatmetgeelprat\/wp-content\/uploads\/usu186\/2025\/07\/Captura.png 659w, https:\/\/agora.xtec.cat\/escola-bernatmetgeelprat\/wp-content\/uploads\/usu186\/2025\/07\/Captura-300x167.png 300w\" sizes=\"auto, (max-width: 659px) 100vw, 659px\" \/><\/a><\/p>\n<p>&nbsp;<\/p>\n<p class=\"\" style=\"text-align: justify;\" data-start=\"1379\" data-end=\"1494\">Clicant a la imatge podreu accedir a les presentacions.<\/p>\n<p style=\"text-align: justify;\">(Av\u00eds: La publicaci\u00f3 d\u2019imatges de l\u2019alumnat de l\u2019escola correspon \u00fanicament a la pr\u00f2pia escola. Per tant, \u00e9s prohibida la difusi\u00f3 o manipulaci\u00f3 en d\u2019altres espais p\u00fablics. Llei org\u00e0nica 1\/1982 de 5 de maig sobre el dret a l\u2019honor, a la pr\u00f2pia intimitat i la pr\u00f2pia imatge.)<\/p>\n","protected":false},"excerpt":{"rendered":"<p>Volem compartir amb vosaltres un petit tastet de les exposicions orals que hem dut a terme durant el tercer trimestre.<br \/>\nImatges de Segon<br \/>\n<a href=\"https:\/\/www.canva.com\/design\/DAGpRyF0Szo\/kNC9fTO6GeICOZycCp9hNw\/view?utm_content=DAGpRyF0Szo&amp;utm_campaign=designshare&amp;utm_medium=link2&amp;utm_source=uniquelinks&amp;utlId=hda45655c66\" target=\"_blank\" rel=\"noopener\"><\/a><br \/>\nImatges de Primer<br \/>\n<a href=\"https:\/\/www.canva.com\/design\/DAGp8zWw1Kc\/2apApI0gRSm-A33TSafWJg\/view?utm_content=DAGp8zWw1Kc&amp;utm_campaign=designshare&amp;utm_medium=link2&amp;utm_source=uniquelinks&amp;utlId=hba72daf574\" target=\"_blank\" rel=\"noopener\"><\/a><br \/>\n&nbsp;<br \/>\nClicant a la imatge podreu accedir a les presentacions.<br \/>\n(Av\u00eds: La publicaci\u00f3 d\u2019imatges de l\u2019alumnat de l\u2019escola&hellip;  <a href=\"https:\/\/agora.xtec.cat\/escola-bernatmetgeelprat\/general\/projectes-de-medi-cicle-inicial-els-oficis\/\" title=\"Read Projectes de medi Cicle Inicial. Els oficis\">Llegeix m\u00e9s\u00bb<\/a><\/p>\n","protected":false},"author":1,"featured_media":0,"comment_status":"open","ping_status":"open","sticky":false,"template":"","format":"standard","meta":{"_bbp_topic_count":0,"_bbp_reply_count":0,"_bbp_total_topic_count":0,"_bbp_total_reply_count":0,"_bbp_voice_count":0,"_bbp_anonymous_reply_count":0,"_bbp_topic_count_hidden":0,"_bbp_reply_count_hidden":0,"_bbp_forum_subforum_count":0,"footnotes":""},"categories":[107,10,11,25,21,1,113,69,4,30,133,74],"tags":[],"class_list":["post-26106","post","type-post","status-publish","format-standard","hentry","category-projectes-steam","category-1r","category-2n","category-cicle-inicial","category-cicles","category-general","category-llengua-oral","category-noves-tecnologies","category-portada","category-projectes","category-projecte-pedagogic","category-treball-per-projectes"],"post_mailing_queue_ids":[],"_links":{"self":[{"href":"https:\/\/agora.xtec.cat\/escola-bernatmetgeelprat\/wp-json\/wp\/v2\/posts\/26106","targetHints":{"allow":["GET"]}}],"collection":[{"href":"https:\/\/agora.xtec.cat\/escola-bernatmetgeelprat\/wp-json\/wp\/v2\/posts"}],"about":[{"href":"https:\/\/agora.xtec.cat\/escola-bernatmetgeelprat\/wp-json\/wp\/v2\/types\/post"}],"author":[{"embeddable":true,"href":"https:\/\/agora.xtec.cat\/escola-bernatmetgeelprat\/wp-json\/wp\/v2\/users\/1"}],"replies":[{"embeddable":true,"href":"https:\/\/agora.xtec.cat\/escola-bernatmetgeelprat\/wp-json\/wp\/v2\/comments?post=26106"}],"version-history":[{"count":6,"href":"https:\/\/agora.xtec.cat\/escola-bernatmetgeelprat\/wp-json\/wp\/v2\/posts\/26106\/revisions"}],"predecessor-version":[{"id":26114,"href":"https:\/\/agora.xtec.cat\/escola-bernatmetgeelprat\/wp-json\/wp\/v2\/posts\/26106\/revisions\/26114"}],"wp:attachment":[{"href":"https:\/\/agora.xtec.cat\/escola-bernatmetgeelprat\/wp-json\/wp\/v2\/media?parent=26106"}],"wp:term":[{"taxonomy":"category","embeddable":true,"href":"https:\/\/agora.xtec.cat\/escola-bernatmetgeelprat\/wp-json\/wp\/v2\/categories?post=26106"},{"taxonomy":"post_tag","embeddable":true,"href":"https:\/\/agora.xtec.cat\/escola-bernatmetgeelprat\/wp-json\/wp\/v2\/tags?post=26106"}],"curies":[{"name":"wp","href":"https:\/\/api.w.org\/{rel}","templated":true}]}}