{"id":25954,"date":"2025-05-12T12:26:30","date_gmt":"2025-05-12T10:26:30","guid":{"rendered":"https:\/\/agora.xtec.cat\/escola-bernatmetgeelprat\/?p=25954"},"modified":"2025-05-12T12:29:23","modified_gmt":"2025-05-12T10:29:23","slug":"colonies-la-carral-2n-4t-i-6e","status":"publish","type":"post","link":"https:\/\/agora.xtec.cat\/escola-bernatmetgeelprat\/general\/colonies-la-carral-2n-4t-i-6e\/","title":{"rendered":"Col\u00f2nies La Carral 2n, 4t i 6\u00e8"},"content":{"rendered":"<p style=\"text-align: justify;\">Els alumnes de 2n, 4t i 6\u00e8 estaran de col\u00f2nies els dies 12, 13 i 14 de maig a la casa de col\u00f2nies de La Carral a El Miracle (Lleida).<\/p>\n<p style=\"text-align: justify;\">En aquest \u00e0lbum anirem penjat totes les imatges d\u2019aquests tres dies de col\u00f2nies.<\/p>\n<p><a href=\"https:\/\/photos.app.goo.gl\/3eo5CkKmcuxLRdqQA\" target=\"_blank\" rel=\"noopener\"><img loading=\"lazy\" decoding=\"async\" class=\"aligncenter size-full wp-image-25960\" src=\"https:\/\/agora.xtec.cat\/escola-bernatmetgeelprat\/wp-content\/uploads\/usu186\/2025\/05\/WhatsApp-Image-2025-05-12-at-11.27.05.jpeg\" alt=\"\" width=\"1600\" height=\"900\" srcset=\"https:\/\/agora.xtec.cat\/escola-bernatmetgeelprat\/wp-content\/uploads\/usu186\/2025\/05\/WhatsApp-Image-2025-05-12-at-11.27.05.jpeg 1600w, https:\/\/agora.xtec.cat\/escola-bernatmetgeelprat\/wp-content\/uploads\/usu186\/2025\/05\/WhatsApp-Image-2025-05-12-at-11.27.05-300x169.jpeg 300w, https:\/\/agora.xtec.cat\/escola-bernatmetgeelprat\/wp-content\/uploads\/usu186\/2025\/05\/WhatsApp-Image-2025-05-12-at-11.27.05-1024x576.jpeg 1024w, https:\/\/agora.xtec.cat\/escola-bernatmetgeelprat\/wp-content\/uploads\/usu186\/2025\/05\/WhatsApp-Image-2025-05-12-at-11.27.05-768x432.jpeg 768w, https:\/\/agora.xtec.cat\/escola-bernatmetgeelprat\/wp-content\/uploads\/usu186\/2025\/05\/WhatsApp-Image-2025-05-12-at-11.27.05-1536x864.jpeg 1536w\" sizes=\"auto, (max-width: 1600px) 100vw, 1600px\" \/><\/a><\/p>\n<p class=\"\" style=\"text-align: justify;\" data-start=\"1379\" data-end=\"1494\">Clicant a la imatge podreu accedir a l\u2019\u00e0lbum de fotografies.<\/p>\n<p style=\"text-align: justify;\">(Av\u00eds: La publicaci\u00f3 d\u2019imatges de l\u2019alumnat de l\u2019escola correspon \u00fanicament a la pr\u00f2pia escola. Per tant, \u00e9s prohibida la difusi\u00f3 o manipulaci\u00f3 en d\u2019altres espais p\u00fablics. Llei org\u00e0nica 1\/1982 de 5 de maig sobre el dret a l\u2019honor, a la pr\u00f2pia intimitat i la pr\u00f2pia imatge.)<\/p>\n","protected":false},"excerpt":{"rendered":"<p>Els alumnes de 2n, 4t i 6\u00e8 estaran de col\u00f2nies els dies 12, 13 i 14 de maig a la casa de col\u00f2nies de La Carral a El Miracle (Lleida).<br \/>\nEn aquest \u00e0lbum anirem penjat totes les imatges d\u2019aquests tres dies de col\u00f2nies.<br \/>\n<a href=\"https:\/\/photos.app.goo.gl\/3eo5CkKmcuxLRdqQA\" target=\"_blank\" rel=\"noopener\"><\/a><br \/>\nClicant&hellip;  <a href=\"https:\/\/agora.xtec.cat\/escola-bernatmetgeelprat\/general\/colonies-la-carral-2n-4t-i-6e\/\" title=\"Read Col\u00f2nies La Carral 2n, 4t i 6\u00e8\">Llegeix m\u00e9s\u00bb<\/a><\/p>\n","protected":false},"author":1,"featured_media":0,"comment_status":"open","ping_status":"closed","sticky":false,"template":"","format":"standard","meta":{"_bbp_topic_count":0,"_bbp_reply_count":0,"_bbp_total_topic_count":0,"_bbp_total_reply_count":0,"_bbp_voice_count":0,"_bbp_anonymous_reply_count":0,"_bbp_topic_count_hidden":0,"_bbp_reply_count_hidden":0,"_bbp_forum_subforum_count":0,"footnotes":""},"categories":[11,13,15,1,4],"tags":[],"class_list":["post-25954","post","type-post","status-publish","format-standard","hentry","category-2n","category-4t","category-6e","category-general","category-portada"],"post_mailing_queue_ids":[],"_links":{"self":[{"href":"https:\/\/agora.xtec.cat\/escola-bernatmetgeelprat\/wp-json\/wp\/v2\/posts\/25954","targetHints":{"allow":["GET"]}}],"collection":[{"href":"https:\/\/agora.xtec.cat\/escola-bernatmetgeelprat\/wp-json\/wp\/v2\/posts"}],"about":[{"href":"https:\/\/agora.xtec.cat\/escola-bernatmetgeelprat\/wp-json\/wp\/v2\/types\/post"}],"author":[{"embeddable":true,"href":"https:\/\/agora.xtec.cat\/escola-bernatmetgeelprat\/wp-json\/wp\/v2\/users\/1"}],"replies":[{"embeddable":true,"href":"https:\/\/agora.xtec.cat\/escola-bernatmetgeelprat\/wp-json\/wp\/v2\/comments?post=25954"}],"version-history":[{"count":4,"href":"https:\/\/agora.xtec.cat\/escola-bernatmetgeelprat\/wp-json\/wp\/v2\/posts\/25954\/revisions"}],"predecessor-version":[{"id":25964,"href":"https:\/\/agora.xtec.cat\/escola-bernatmetgeelprat\/wp-json\/wp\/v2\/posts\/25954\/revisions\/25964"}],"wp:attachment":[{"href":"https:\/\/agora.xtec.cat\/escola-bernatmetgeelprat\/wp-json\/wp\/v2\/media?parent=25954"}],"wp:term":[{"taxonomy":"category","embeddable":true,"href":"https:\/\/agora.xtec.cat\/escola-bernatmetgeelprat\/wp-json\/wp\/v2\/categories?post=25954"},{"taxonomy":"post_tag","embeddable":true,"href":"https:\/\/agora.xtec.cat\/escola-bernatmetgeelprat\/wp-json\/wp\/v2\/tags?post=25954"}],"curies":[{"name":"wp","href":"https:\/\/api.w.org\/{rel}","templated":true}]}}