{"id":25947,"date":"2025-05-08T22:42:39","date_gmt":"2025-05-08T20:42:39","guid":{"rendered":"https:\/\/agora.xtec.cat\/escola-bernatmetgeelprat\/?p=25947"},"modified":"2025-05-08T22:43:21","modified_gmt":"2025-05-08T20:43:21","slug":"preinscripcio-25-26-numero-de-desempat","status":"publish","type":"post","link":"https:\/\/agora.xtec.cat\/escola-bernatmetgeelprat\/portada\/preinscripcio-25-26-numero-de-desempat\/","title":{"rendered":"Preinscripci\u00f3 25-26 N\u00famero de desempat"},"content":{"rendered":"<p style=\"text-align: justify;\">Informar-vos que ja s\u2019ha realitzat el\u00a0<strong>sorteig del n\u00famero de desempat.<\/strong> El n\u00famero que ordenar\u00e0 les preinscripcions en cas d\u2019empat \u00e9s el 76261.<\/p>\n<p style=\"text-align: justify;\">Qualsevol dubte que tingueu podeu trucar als tel\u00e8fons de l\u2019escola: 933708952\/ 677250225 o escriure al correu de l\u2019escola.<\/p>\n<p style=\"text-align: justify;\">Us recordem les dates m\u00e9s importants del proc\u00e9s:<\/p>\n<ul style=\"text-align: justify;\">\n<li>09\/05 Publicaci\u00f3 llista ordenada definitiva<\/li>\n<li>21\/05-22\/05 Per\u00edode ampliaci\u00f3 sol\u00b7licituds alumnat NEEB<\/li>\n<li>04\/06-06\/06 Per\u00edode ampliaci\u00f3 sol\u00b7licituds alumnat ordinari<\/li>\n<li>16\/06 Assignacions i llista d\u2019espera<\/li>\n<li>25\/06-03\/07 Matr\u00edcula<\/li>\n<\/ul>\n<p style=\"text-align: justify;\"><a href=\"https:\/\/agora.xtec.cat\/escola-bernatmetgeelprat\/wp-content\/uploads\/usu186\/2025\/03\/xxss-1080x1350-1.jpg\"><img loading=\"lazy\" decoding=\"async\" class=\"aligncenter size-full wp-image-25688\" src=\"https:\/\/agora.xtec.cat\/escola-bernatmetgeelprat\/wp-content\/uploads\/usu186\/2025\/03\/xxss-1080x1350-1.jpg\" alt=\"\" width=\"1080\" height=\"1350\" srcset=\"https:\/\/agora.xtec.cat\/escola-bernatmetgeelprat\/wp-content\/uploads\/usu186\/2025\/03\/xxss-1080x1350-1.jpg 1080w, https:\/\/agora.xtec.cat\/escola-bernatmetgeelprat\/wp-content\/uploads\/usu186\/2025\/03\/xxss-1080x1350-1-240x300.jpg 240w, https:\/\/agora.xtec.cat\/escola-bernatmetgeelprat\/wp-content\/uploads\/usu186\/2025\/03\/xxss-1080x1350-1-819x1024.jpg 819w, https:\/\/agora.xtec.cat\/escola-bernatmetgeelprat\/wp-content\/uploads\/usu186\/2025\/03\/xxss-1080x1350-1-768x960.jpg 768w\" sizes=\"auto, (max-width: 1080px) 100vw, 1080px\" \/><\/a><\/p>\n","protected":false},"excerpt":{"rendered":"<p>Informar-vos que ja s\u2019ha realitzat el\u00a0sorteig del n\u00famero de desempat. El n\u00famero que ordenar\u00e0 les preinscripcions en cas d\u2019empat \u00e9s el 76261. Qualsevol dubte que tingueu podeu trucar als tel\u00e8fons de l\u2019escola: 933708952\/ 677250225 o escriure al correu de l\u2019escola. Us recordem les dates m\u00e9s importants del proc\u00e9s: 09\/05 Publicaci\u00f3 llista ordenada definitiva 21\/05-22\/05 Per\u00edode [&hellip;]<\/p>\n","protected":false},"author":1,"featured_media":0,"comment_status":"open","ping_status":"closed","sticky":false,"template":"","format":"standard","meta":{"_bbp_topic_count":0,"_bbp_reply_count":0,"_bbp_total_topic_count":0,"_bbp_total_reply_count":0,"_bbp_voice_count":0,"_bbp_anonymous_reply_count":0,"_bbp_topic_count_hidden":0,"_bbp_reply_count_hidden":0,"_bbp_forum_subforum_count":0,"site-sidebar-layout":"default","site-content-layout":"","ast-site-content-layout":"","site-content-style":"default","site-sidebar-style":"default","ast-global-header-display":"","ast-banner-title-visibility":"","ast-main-header-display":"","ast-hfb-above-header-display":"","ast-hfb-below-header-display":"","ast-hfb-mobile-header-display":"","site-post-title":"","ast-breadcrumbs-content":"","ast-featured-img":"","footer-sml-layout":"","theme-transparent-header-meta":"","adv-header-id-meta":"","stick-header-meta":"","header-above-stick-meta":"","header-main-stick-meta":"","header-below-stick-meta":"","astra-migrate-meta-layouts":"default","ast-page-background-enabled":"default","ast-page-background-meta":{"desktop":{"background-color":"var(--ast-global-color-4)","background-image":"","background-repeat":"repeat","background-position":"center center","background-size":"auto","background-attachment":"scroll","background-type":"","background-media":"","overlay-type":"","overlay-color":"","overlay-opacity":"","overlay-gradient":""},"tablet":{"background-color":"","background-image":"","background-repeat":"repeat","background-position":"center center","background-size":"auto","background-attachment":"scroll","background-type":"","background-media":"","overlay-type":"","overlay-color":"","overlay-opacity":"","overlay-gradient":""},"mobile":{"background-color":"","background-image":"","background-repeat":"repeat","background-position":"center center","background-size":"auto","background-attachment":"scroll","background-type":"","background-media":"","overlay-type":"","overlay-color":"","overlay-opacity":"","overlay-gradient":""}},"ast-content-background-meta":{"desktop":{"background-color":"var(--ast-global-color-5)","background-image":"","background-repeat":"repeat","background-position":"center center","background-size":"auto","background-attachment":"scroll","background-type":"","background-media":"","overlay-type":"","overlay-color":"","overlay-opacity":"","overlay-gradient":""},"tablet":{"background-color":"var(--ast-global-color-5)","background-image":"","background-repeat":"repeat","background-position":"center center","background-size":"auto","background-attachment":"scroll","background-type":"","background-media":"","overlay-type":"","overlay-color":"","overlay-opacity":"","overlay-gradient":""},"mobile":{"background-color":"var(--ast-global-color-5)","background-image":"","background-repeat":"repeat","background-position":"center center","background-size":"auto","background-attachment":"scroll","background-type":"","background-media":"","overlay-type":"","overlay-color":"","overlay-opacity":"","overlay-gradient":""}},"footnotes":""},"categories":[4],"tags":[],"class_list":["post-25947","post","type-post","status-publish","format-standard","hentry","category-portada"],"post_mailing_queue_ids":[],"_links":{"self":[{"href":"https:\/\/agora.xtec.cat\/escola-bernatmetgeelprat\/wp-json\/wp\/v2\/posts\/25947","targetHints":{"allow":["GET"]}}],"collection":[{"href":"https:\/\/agora.xtec.cat\/escola-bernatmetgeelprat\/wp-json\/wp\/v2\/posts"}],"about":[{"href":"https:\/\/agora.xtec.cat\/escola-bernatmetgeelprat\/wp-json\/wp\/v2\/types\/post"}],"author":[{"embeddable":true,"href":"https:\/\/agora.xtec.cat\/escola-bernatmetgeelprat\/wp-json\/wp\/v2\/users\/1"}],"replies":[{"embeddable":true,"href":"https:\/\/agora.xtec.cat\/escola-bernatmetgeelprat\/wp-json\/wp\/v2\/comments?post=25947"}],"version-history":[{"count":2,"href":"https:\/\/agora.xtec.cat\/escola-bernatmetgeelprat\/wp-json\/wp\/v2\/posts\/25947\/revisions"}],"predecessor-version":[{"id":25949,"href":"https:\/\/agora.xtec.cat\/escola-bernatmetgeelprat\/wp-json\/wp\/v2\/posts\/25947\/revisions\/25949"}],"wp:attachment":[{"href":"https:\/\/agora.xtec.cat\/escola-bernatmetgeelprat\/wp-json\/wp\/v2\/media?parent=25947"}],"wp:term":[{"taxonomy":"category","embeddable":true,"href":"https:\/\/agora.xtec.cat\/escola-bernatmetgeelprat\/wp-json\/wp\/v2\/categories?post=25947"},{"taxonomy":"post_tag","embeddable":true,"href":"https:\/\/agora.xtec.cat\/escola-bernatmetgeelprat\/wp-json\/wp\/v2\/tags?post=25947"}],"curies":[{"name":"wp","href":"https:\/\/api.w.org\/{rel}","templated":true}]}}