{"id":25710,"date":"2025-03-13T00:54:43","date_gmt":"2025-03-12T23:54:43","guid":{"rendered":"https:\/\/agora.xtec.cat\/escola-bernatmetgeelprat\/?p=25710"},"modified":"2025-03-18T10:00:37","modified_gmt":"2025-03-18T09:00:37","slug":"per-que-son-tan-especials-les-abelles","status":"publish","type":"post","link":"https:\/\/agora.xtec.cat\/escola-bernatmetgeelprat\/portada\/per-que-son-tan-especials-les-abelles\/","title":{"rendered":"Per qu\u00e8 s\u00f3n tan especials les abelles?"},"content":{"rendered":"<p style=\"text-align: justify;\"><span style=\"font-weight: 400;\">PER QU\u00c8 SON TAN ESPECIALS LES ABELLES?<\/span><\/p>\n<p style=\"text-align: justify;\"><span style=\"font-weight: 400;\">A cicle inicial aquests dies hem estudiat i classificat els animals vertebrats. Per\u00f2 hem descobert que possiblement l\u2019animal m\u00e9s important del planeta no \u00e9s un animal vertebrat, \u00e9s un invertebrat: L\u2019ABELLA.<\/span><\/p>\n<p style=\"text-align: justify;\"><span style=\"font-weight: 400;\">Per qu\u00e8 s\u00f3n tan especials les abelles? \u00c9s el que volem saber, aix\u00ed que iniciem un nou projecte per con\u00e8ixer millor aquest animal.<\/span><\/p>\n<p style=\"text-align: justify;\"><span style=\"font-weight: 400;\">En primer lloc, veiem que les abelles fan unes construccions totes iguals, el reprodu\u00efm i l\u2019analitzem amb palets i plastilina, ha resultat ser una figura geom\u00e8trica nova: l\u2019hex\u00e0gon.<\/span><\/p>\n<p style=\"text-align: justify;\"><span style=\"font-weight: 400;\">Per finalitzar el projecte vam anar a realitzar una activitat anomenada &#8220;El m\u00f3n de la mel&#8221; on vam con\u00e8ixer un apicultor i vam veure com fan la mel.<\/span><\/p>\n<p style=\"text-align: justify;\"><span style=\"font-weight: 400;\">Us anem deixant les imatges del nostre projecte. Esperem que us agradi molt!<\/span><\/p>\n<p><a href=\"https:\/\/photos.app.goo.gl\/HweYkrTJcWpDRwjB6\" target=\"_blank\" rel=\"noopener\"><img loading=\"lazy\" decoding=\"async\" class=\"aligncenter size-full wp-image-25744\" src=\"https:\/\/agora.xtec.cat\/escola-bernatmetgeelprat\/wp-content\/uploads\/usu186\/2025\/03\/IMG_0789.jpg\" alt=\"\" width=\"1250\" height=\"937\" srcset=\"https:\/\/agora.xtec.cat\/escola-bernatmetgeelprat\/wp-content\/uploads\/usu186\/2025\/03\/IMG_0789.jpg 1250w, https:\/\/agora.xtec.cat\/escola-bernatmetgeelprat\/wp-content\/uploads\/usu186\/2025\/03\/IMG_0789-300x225.jpg 300w, https:\/\/agora.xtec.cat\/escola-bernatmetgeelprat\/wp-content\/uploads\/usu186\/2025\/03\/IMG_0789-1024x768.jpg 1024w, https:\/\/agora.xtec.cat\/escola-bernatmetgeelprat\/wp-content\/uploads\/usu186\/2025\/03\/IMG_0789-768x576.jpg 768w, https:\/\/agora.xtec.cat\/escola-bernatmetgeelprat\/wp-content\/uploads\/usu186\/2025\/03\/IMG_0789-200x150.jpg 200w\" sizes=\"auto, (max-width: 1250px) 100vw, 1250px\" \/><\/a><\/p>\n<p style=\"text-align: justify;\">Clicant a la imatge podreu accedir a l\u2019\u00e0lbum de fotografies.<\/p>\n<p style=\"text-align: justify;\">(Av\u00eds: La publicaci\u00f3 d\u2019imatges de l\u2019alumnat de l\u2019escola correspon \u00fanicament a la pr\u00f2pia escola. Per tant, \u00e9s prohibida la difusi\u00f3 o manipulaci\u00f3 en d\u2019altres espais p\u00fablics. Llei org\u00e0nica 1\/1982 de 5 de maig sobre el dret a l\u2019honor, a la pr\u00f2pia intimitat i la pr\u00f2pia imatge).<\/p>\n","protected":false},"excerpt":{"rendered":"<p>PER QU\u00c8 SON TAN ESPECIALS LES ABELLES? A cicle inicial aquests dies hem estudiat i classificat els animals vertebrats. Per\u00f2 hem descobert que possiblement l\u2019animal m\u00e9s important del planeta no \u00e9s un animal vertebrat, \u00e9s un invertebrat: L\u2019ABELLA. Per qu\u00e8 s\u00f3n tan especials les abelles? \u00c9s el que volem saber, aix\u00ed que iniciem un nou [&hellip;]<\/p>\n","protected":false},"author":1,"featured_media":0,"comment_status":"open","ping_status":"closed","sticky":false,"template":"","format":"standard","meta":{"_bbp_topic_count":0,"_bbp_reply_count":0,"_bbp_total_topic_count":0,"_bbp_total_reply_count":0,"_bbp_voice_count":0,"_bbp_anonymous_reply_count":0,"_bbp_topic_count_hidden":0,"_bbp_reply_count_hidden":0,"_bbp_forum_subforum_count":0,"site-sidebar-layout":"default","site-content-layout":"","ast-site-content-layout":"","site-content-style":"default","site-sidebar-style":"default","ast-global-header-display":"","ast-banner-title-visibility":"","ast-main-header-display":"","ast-hfb-above-header-display":"","ast-hfb-below-header-display":"","ast-hfb-mobile-header-display":"","site-post-title":"","ast-breadcrumbs-content":"","ast-featured-img":"","footer-sml-layout":"","theme-transparent-header-meta":"","adv-header-id-meta":"","stick-header-meta":"","header-above-stick-meta":"","header-main-stick-meta":"","header-below-stick-meta":"","astra-migrate-meta-layouts":"default","ast-page-background-enabled":"default","ast-page-background-meta":{"desktop":{"background-color":"var(--ast-global-color-4)","background-image":"","background-repeat":"repeat","background-position":"center center","background-size":"auto","background-attachment":"scroll","background-type":"","background-media":"","overlay-type":"","overlay-color":"","overlay-opacity":"","overlay-gradient":""},"tablet":{"background-color":"","background-image":"","background-repeat":"repeat","background-position":"center center","background-size":"auto","background-attachment":"scroll","background-type":"","background-media":"","overlay-type":"","overlay-color":"","overlay-opacity":"","overlay-gradient":""},"mobile":{"background-color":"","background-image":"","background-repeat":"repeat","background-position":"center center","background-size":"auto","background-attachment":"scroll","background-type":"","background-media":"","overlay-type":"","overlay-color":"","overlay-opacity":"","overlay-gradient":""}},"ast-content-background-meta":{"desktop":{"background-color":"var(--ast-global-color-5)","background-image":"","background-repeat":"repeat","background-position":"center center","background-size":"auto","background-attachment":"scroll","background-type":"","background-media":"","overlay-type":"","overlay-color":"","overlay-opacity":"","overlay-gradient":""},"tablet":{"background-color":"var(--ast-global-color-5)","background-image":"","background-repeat":"repeat","background-position":"center center","background-size":"auto","background-attachment":"scroll","background-type":"","background-media":"","overlay-type":"","overlay-color":"","overlay-opacity":"","overlay-gradient":""},"mobile":{"background-color":"var(--ast-global-color-5)","background-image":"","background-repeat":"repeat","background-position":"center center","background-size":"auto","background-attachment":"scroll","background-type":"","background-media":"","overlay-type":"","overlay-color":"","overlay-opacity":"","overlay-gradient":""}},"footnotes":""},"categories":[107,10,11,25,21,4,5,30,74],"tags":[],"class_list":["post-25710","post","type-post","status-publish","format-standard","hentry","category-projectes-steam","category-1r","category-2n","category-cicle-inicial","category-cicles","category-portada","category-primaria","category-projectes","category-treball-per-projectes"],"post_mailing_queue_ids":[],"_links":{"self":[{"href":"https:\/\/agora.xtec.cat\/escola-bernatmetgeelprat\/wp-json\/wp\/v2\/posts\/25710","targetHints":{"allow":["GET"]}}],"collection":[{"href":"https:\/\/agora.xtec.cat\/escola-bernatmetgeelprat\/wp-json\/wp\/v2\/posts"}],"about":[{"href":"https:\/\/agora.xtec.cat\/escola-bernatmetgeelprat\/wp-json\/wp\/v2\/types\/post"}],"author":[{"embeddable":true,"href":"https:\/\/agora.xtec.cat\/escola-bernatmetgeelprat\/wp-json\/wp\/v2\/users\/1"}],"replies":[{"embeddable":true,"href":"https:\/\/agora.xtec.cat\/escola-bernatmetgeelprat\/wp-json\/wp\/v2\/comments?post=25710"}],"version-history":[{"count":6,"href":"https:\/\/agora.xtec.cat\/escola-bernatmetgeelprat\/wp-json\/wp\/v2\/posts\/25710\/revisions"}],"predecessor-version":[{"id":25746,"href":"https:\/\/agora.xtec.cat\/escola-bernatmetgeelprat\/wp-json\/wp\/v2\/posts\/25710\/revisions\/25746"}],"wp:attachment":[{"href":"https:\/\/agora.xtec.cat\/escola-bernatmetgeelprat\/wp-json\/wp\/v2\/media?parent=25710"}],"wp:term":[{"taxonomy":"category","embeddable":true,"href":"https:\/\/agora.xtec.cat\/escola-bernatmetgeelprat\/wp-json\/wp\/v2\/categories?post=25710"},{"taxonomy":"post_tag","embeddable":true,"href":"https:\/\/agora.xtec.cat\/escola-bernatmetgeelprat\/wp-json\/wp\/v2\/tags?post=25710"}],"curies":[{"name":"wp","href":"https:\/\/api.w.org\/{rel}","templated":true}]}}