{"id":25423,"date":"2024-12-03T09:46:51","date_gmt":"2024-12-03T08:46:51","guid":{"rendered":"https:\/\/agora.xtec.cat\/escola-bernatmetgeelprat\/?p=25423"},"modified":"2024-12-03T09:47:24","modified_gmt":"2024-12-03T08:47:24","slug":"fem-una-depuradora-daigua-a-5e","status":"publish","type":"post","link":"https:\/\/agora.xtec.cat\/escola-bernatmetgeelprat\/general\/fem-una-depuradora-daigua-a-5e\/","title":{"rendered":"Fem una depuradora d&#8217;aigua a 5\u00e8"},"content":{"rendered":"<p style=\"text-align: justify;\">L&#8217;alumnat de 5\u00e8 est\u00e0 portant a terme un projecte liderat per la nostra mestra en pr\u00e0ctiques, la Mireia!<\/p>\n<p style=\"text-align: justify;\">En aquest projecte estem aprenent un munt de conceptes relacionats amb l&#8217;aigua (la seva composici\u00f3, d&#8217;on prov\u00e9, quins estats t\u00e9, com pot canviar d&#8217;estat, com est\u00e0 afectant la contaminaci\u00f3 a l&#8217;aigua i als \u00e9ssers vius que viuen en ella, com podem ajudar a solucionar la situaci\u00f3 de contaminaci\u00f3 en l&#8217;aigua&#8230;)<\/p>\n<p style=\"text-align: justify;\">Han apr\u00e9s un munt de coses i\u00a0 per acabar han apr\u00e9s com fer una depuradora d&#8217;aigua per tal d&#8217;ajudar a netejar l&#8217;aigua d&#8217;aquest planeta.<\/p>\n<p style=\"text-align: justify;\">Clicant a la seg\u00fcent imatge, podreu veure unes quantes fotografies sobre aquest fant\u00e0stic projecte.<\/p>\n<p style=\"text-align: justify;\">Gr\u00e0cies Mireia!<\/p>\n<p><a href=\"https:\/\/photos.app.goo.gl\/hQyGpiUpgVFKWdocA\" target=\"_blank\" rel=\"noopener\"><img loading=\"lazy\" decoding=\"async\" class=\"alignnone wp-image-25424\" src=\"https:\/\/agora.xtec.cat\/escola-bernatmetgeelprat\/wp-content\/uploads\/usu186\/2024\/12\/WhatsApp-Image-2024-12-02-at-13.20.26-1-1-766x1024.jpeg\" alt=\"\" width=\"501\" height=\"670\" srcset=\"https:\/\/agora.xtec.cat\/escola-bernatmetgeelprat\/wp-content\/uploads\/usu186\/2024\/12\/WhatsApp-Image-2024-12-02-at-13.20.26-1-1-766x1024.jpeg 766w, https:\/\/agora.xtec.cat\/escola-bernatmetgeelprat\/wp-content\/uploads\/usu186\/2024\/12\/WhatsApp-Image-2024-12-02-at-13.20.26-1-1-224x300.jpeg 224w, https:\/\/agora.xtec.cat\/escola-bernatmetgeelprat\/wp-content\/uploads\/usu186\/2024\/12\/WhatsApp-Image-2024-12-02-at-13.20.26-1-1-768x1027.jpeg 768w, https:\/\/agora.xtec.cat\/escola-bernatmetgeelprat\/wp-content\/uploads\/usu186\/2024\/12\/WhatsApp-Image-2024-12-02-at-13.20.26-1-1-1149x1536.jpeg 1149w, https:\/\/agora.xtec.cat\/escola-bernatmetgeelprat\/wp-content\/uploads\/usu186\/2024\/12\/WhatsApp-Image-2024-12-02-at-13.20.26-1-1.jpeg 1532w\" sizes=\"auto, (max-width: 501px) 100vw, 501px\" \/><\/a><\/p>\n<p style=\"text-align: justify;\">Clicant a la imatge\u00a0podreu accedir a l\u2019\u00e0lbum de fotografies.<\/p>\n<p style=\"text-align: justify;\">(Av\u00eds: La publicaci\u00f3 d\u2019imatges de l\u2019alumnat de l\u2019escola correspon \u00fanicament a la pr\u00f2pia escola. Per tant, \u00e9s prohibida la difusi\u00f3 o manipulaci\u00f3 en d\u2019altres espais p\u00fablics. Llei org\u00e0nica 1\/1982 de 5 de maig sobre el dret a l\u2019honor, a la pr\u00f2pia intimitat i la pr\u00f2pia imatge.)<\/p>\n","protected":false},"excerpt":{"rendered":"<p>L&#8217;alumnat de 5\u00e8 est\u00e0 portant a terme un projecte liderat per la nostra mestra en pr\u00e0ctiques, la Mireia!<br \/>\nEn aquest projecte estem aprenent un munt de conceptes relacionats amb l&#8217;aigua (la seva composici\u00f3, d&#8217;on prov\u00e9, quins estats t\u00e9, com pot canviar d&#8217;estat, com est\u00e0 afectant la&hellip;  <a href=\"https:\/\/agora.xtec.cat\/escola-bernatmetgeelprat\/general\/fem-una-depuradora-daigua-a-5e\/\" title=\"Read Fem una depuradora d&#8217;aigua a 5\u00e8\">Llegeix m\u00e9s\u00bb<\/a><\/p>\n","protected":false},"author":35,"featured_media":0,"comment_status":"open","ping_status":"closed","sticky":false,"template":"","format":"standard","meta":{"_bbp_topic_count":0,"_bbp_reply_count":0,"_bbp_total_topic_count":0,"_bbp_total_reply_count":0,"_bbp_voice_count":0,"_bbp_anonymous_reply_count":0,"_bbp_topic_count_hidden":0,"_bbp_reply_count_hidden":0,"_bbp_forum_subforum_count":0,"footnotes":""},"categories":[107,14,29,27,21,71,1,113,4,5,30,133,74],"tags":[],"class_list":["post-25423","post","type-post","status-publish","format-standard","hentry","category-projectes-steam","category-5e","category-aprenem-a-pensar","category-cicle-superior","category-cicles","category-escola-mes-sostenible","category-general","category-llengua-oral","category-portada","category-primaria","category-projectes","category-projecte-pedagogic","category-treball-per-projectes"],"post_mailing_queue_ids":[],"_links":{"self":[{"href":"https:\/\/agora.xtec.cat\/escola-bernatmetgeelprat\/wp-json\/wp\/v2\/posts\/25423","targetHints":{"allow":["GET"]}}],"collection":[{"href":"https:\/\/agora.xtec.cat\/escola-bernatmetgeelprat\/wp-json\/wp\/v2\/posts"}],"about":[{"href":"https:\/\/agora.xtec.cat\/escola-bernatmetgeelprat\/wp-json\/wp\/v2\/types\/post"}],"author":[{"embeddable":true,"href":"https:\/\/agora.xtec.cat\/escola-bernatmetgeelprat\/wp-json\/wp\/v2\/users\/35"}],"replies":[{"embeddable":true,"href":"https:\/\/agora.xtec.cat\/escola-bernatmetgeelprat\/wp-json\/wp\/v2\/comments?post=25423"}],"version-history":[{"count":5,"href":"https:\/\/agora.xtec.cat\/escola-bernatmetgeelprat\/wp-json\/wp\/v2\/posts\/25423\/revisions"}],"predecessor-version":[{"id":25442,"href":"https:\/\/agora.xtec.cat\/escola-bernatmetgeelprat\/wp-json\/wp\/v2\/posts\/25423\/revisions\/25442"}],"wp:attachment":[{"href":"https:\/\/agora.xtec.cat\/escola-bernatmetgeelprat\/wp-json\/wp\/v2\/media?parent=25423"}],"wp:term":[{"taxonomy":"category","embeddable":true,"href":"https:\/\/agora.xtec.cat\/escola-bernatmetgeelprat\/wp-json\/wp\/v2\/categories?post=25423"},{"taxonomy":"post_tag","embeddable":true,"href":"https:\/\/agora.xtec.cat\/escola-bernatmetgeelprat\/wp-json\/wp\/v2\/tags?post=25423"}],"curies":[{"name":"wp","href":"https:\/\/api.w.org\/{rel}","templated":true}]}}