{"id":25164,"date":"2024-09-16T22:39:24","date_gmt":"2024-09-16T20:39:24","guid":{"rendered":"https:\/\/agora.xtec.cat\/escola-bernatmetgeelprat\/?p=25164"},"modified":"2024-09-23T22:45:26","modified_gmt":"2024-09-23T20:45:26","slug":"picacrestes-la-colla-de-ball-tradicional-al-prat","status":"publish","type":"post","link":"https:\/\/agora.xtec.cat\/escola-bernatmetgeelprat\/general\/picacrestes-la-colla-de-ball-tradicional-al-prat\/","title":{"rendered":"Picacrestes, la colla de ball tradicional al Prat!"},"content":{"rendered":"<p style=\"text-align: justify;\">El Ball tradicional de la Colla Picacrestes i l&#8217;escola Bernat Metge us conviden a ballar. No deixeu d&#8217;anar, i dansar sense parar.<\/p>\n<p style=\"text-align: justify;\">Us compartim les activitats que faran al voltant de la Festa Major del Prat 2024:<\/p>\n<ul>\n<li style=\"text-align: justify;\"><strong>Dissabte 21 a les 12:30 hores<\/strong> organitzem\u00a0 el concert vermut amb Ball Folk a les 12:30 a la Pla\u00e7a de la Vila, amb els m\u00fasics reconeguts Liv Hallum i Ivan Caro, que faran un repertori de balls tradicionals del Pirineu i ens explicaran com es ballen.<\/li>\n<li style=\"text-align: justify;\"><strong>Divendres 27 a les 19:00 hores<\/strong> hi ha la concentraci\u00f3 a la Pla\u00e7a Pau Casals per sortir en cercavila totes les enitats del Nus, i els grans de Picacrestes hi ballarem els balls de bastons tradicionals del Prat recuperats i la canalla de Picacrestes balls de bastons de diferents parts dels Pa\u00efsos Catalans.<\/li>\n<li style=\"text-align: justify;\"><strong>Dissabte 28 a les 17:00 hores<\/strong> farem la tradicional ballada a la Pla\u00e7a de la Vila amb m\u00fasica en directe a c\u00e0rrec dels Grallers de la Carxofa, amb dues parts: la primera exhibici\u00f3 de danses tradicionals per part de grans i canalla i la segona balls participatius amb el Ball del Tortell del Prat de Llobregat (de festa major) i el Patatuf del Baix Llobregat, entre d&#8217;altres.<\/li>\n<\/ul>\n<p><img decoding=\"async\" src=\"https:\/\/blogger.googleusercontent.com\/img\/b\/R29vZ2xl\/AVvXsEhh8QrYRNOubKy4bPaYw0xGWTc_w7cAnARL1b7AaEbXU4y58MfF6NECOQYgHbSmq3GDh16XkRYk4Og7y27K-1np1edX3MrS2wUXdTK2Rdp8Gh4vO-77utOEgMbOLQQWwu_hB5V7fJr4GwwN180r43K5R6rD04cely71pIlNUH5ZETQWXnm0d7bsrgpiAQJW\/s4961\/CARTELL%20PICAGRESCA%20CONCERT%20VERMUT%202024_FINAL_CLAR.jpg\" \/><\/p>\n","protected":false},"excerpt":{"rendered":"<p>El Ball tradicional de la Colla Picacrestes i l&#8217;escola Bernat Metge us conviden a ballar. No deixeu d&#8217;anar, i dansar sense parar.<br \/>\nUs compartim les activitats que faran al voltant de la Festa Major del Prat 2024:<\/p>\n<ul>\n<li style=\"text-align: justify;\">Dissabte 21 a les 12:30 hores organitzem\u00a0 el&hellip;  <a href=\"https:\/\/agora.xtec.cat\/escola-bernatmetgeelprat\/general\/picacrestes-la-colla-de-ball-tradicional-al-prat\/\" title=\"Read Picacrestes, la colla de ball tradicional al Prat!\">Llegeix m\u00e9s\u00bb<\/a><br \/>\n","protected":false},"author":1,"featured_media":0,"comment_status":"open","ping_status":"closed","sticky":false,"template":"","format":"standard","meta":{"_bbp_topic_count":0,"_bbp_reply_count":0,"_bbp_total_topic_count":0,"_bbp_total_reply_count":0,"_bbp_voice_count":0,"_bbp_anonymous_reply_count":0,"_bbp_topic_count_hidden":0,"_bbp_reply_count_hidden":0,"_bbp_forum_subforum_count":0,"footnotes":""},"categories":[21,132,22,1,2,126,4,5],"tags":[],"class_list":["post-25164","post","type-post","status-publish","format-standard","hentry","category-cicles","category-educacio-fisica","category-festes","category-general","category-infantil","category-pla-catala-de-lesport-escolar","category-portada","category-primaria"],"post_mailing_queue_ids":[],"_links":{"self":[{"href":"https:\/\/agora.xtec.cat\/escola-bernatmetgeelprat\/wp-json\/wp\/v2\/posts\/25164","targetHints":{"allow":["GET"]}}],"collection":[{"href":"https:\/\/agora.xtec.cat\/escola-bernatmetgeelprat\/wp-json\/wp\/v2\/posts"}],"about":[{"href":"https:\/\/agora.xtec.cat\/escola-bernatmetgeelprat\/wp-json\/wp\/v2\/types\/post"}],"author":[{"embeddable":true,"href":"https:\/\/agora.xtec.cat\/escola-bernatmetgeelprat\/wp-json\/wp\/v2\/users\/1"}],"replies":[{"embeddable":true,"href":"https:\/\/agora.xtec.cat\/escola-bernatmetgeelprat\/wp-json\/wp\/v2\/comments?post=25164"}],"version-history":[{"count":6,"href":"https:\/\/agora.xtec.cat\/escola-bernatmetgeelprat\/wp-json\/wp\/v2\/posts\/25164\/revisions"}],"predecessor-version":[{"id":25170,"href":"https:\/\/agora.xtec.cat\/escola-bernatmetgeelprat\/wp-json\/wp\/v2\/posts\/25164\/revisions\/25170"}],"wp:attachment":[{"href":"https:\/\/agora.xtec.cat\/escola-bernatmetgeelprat\/wp-json\/wp\/v2\/media?parent=25164"}],"wp:term":[{"taxonomy":"category","embeddable":true,"href":"https:\/\/agora.xtec.cat\/escola-bernatmetgeelprat\/wp-json\/wp\/v2\/categories?post=25164"},{"taxonomy":"post_tag","embeddable":true,"href":"https:\/\/agora.xtec.cat\/escola-bernatmetgeelprat\/wp-json\/wp\/v2\/tags?post=25164"}],"curies":[{"name":"wp","href":"https:\/\/api.w.org\/{rel}","templated":true}]}}