{"id":24975,"date":"2024-06-06T17:26:35","date_gmt":"2024-06-06T15:26:35","guid":{"rendered":"https:\/\/agora.xtec.cat\/escola-bernatmetgeelprat\/?p=24975"},"modified":"2024-06-07T09:13:55","modified_gmt":"2024-06-07T07:13:55","slug":"taller-manga-a-4t","status":"publish","type":"post","link":"https:\/\/agora.xtec.cat\/escola-bernatmetgeelprat\/general\/taller-manga-a-4t\/","title":{"rendered":"TALLER MANGA A 4T"},"content":{"rendered":"<p style=\"text-align: justify;\">La classe de 4t hem pogut realitzar un taller de Manga, gr\u00e0cies a la col\u00b7laboraci\u00f3 de l&#8217;Enrique, pare d&#8217;una alumna de 4t.<\/p>\n<p style=\"text-align: justify;\">Per comen\u00e7ar vam\u00a0 fer una passejada per una exposici\u00f3 que va organitzar sobre:\u00a0 el material de dibuix que\u00a0 fa servir (ens va explicar amb detall com s&#8217;utilitzen , la funci\u00f3 de cadasc\u00fa d&#8217;ells ,..), les diferents t\u00e8cniques de dibuix Manga que existeixen i ens va fer un recorregut sobre l&#8217;evoluci\u00f3 del dibuix al llarg de la seva vida, aix\u00ed com ens va mostrar les obres realitzades.<\/p>\n<p style=\"text-align: justify;\">Tamb\u00e9 vam dibuixar una cara Manga amb les seves caracter\u00edstiques,\u00a0 a trav\u00e9s dels consells i ajuda de l&#8217;Enrique i vam poder con\u00e8ixer diferents referents del Manga i de l&#8217;Anime.<\/p>\n<p style=\"text-align: justify;\">Va ser una jornada molt interessant i creativa! Ens va encantar!<\/p>\n<p>&nbsp;<\/p>\n<p><a href=\"https:\/\/www.canva.com\/design\/DAGHW4e3zFM\/yxu_-73eKOCAQOZa0Ho1EA\/edit?utm_content=DAGHW4e3zFM&amp;utm_campaign=designshare&amp;utm_medium=link2&amp;utm_source=sharebutton\" target=\"_blank\" rel=\"noopener\"><img loading=\"lazy\" decoding=\"async\" class=\" wp-image-25045 aligncenter\" src=\"https:\/\/agora.xtec.cat\/escola-bernatmetgeelprat\/wp-content\/uploads\/usu186\/2024\/06\/image-25.png\" alt=\"\" width=\"566\" height=\"329\" srcset=\"https:\/\/agora.xtec.cat\/escola-bernatmetgeelprat\/wp-content\/uploads\/usu186\/2024\/06\/image-25.png 858w, https:\/\/agora.xtec.cat\/escola-bernatmetgeelprat\/wp-content\/uploads\/usu186\/2024\/06\/image-25-300x174.png 300w, https:\/\/agora.xtec.cat\/escola-bernatmetgeelprat\/wp-content\/uploads\/usu186\/2024\/06\/image-25-768x447.png 768w\" sizes=\"auto, (max-width: 566px) 100vw, 566px\" \/><\/a><\/p>\n<p>&nbsp;<\/p>\n<p>&nbsp;<\/p>\n","protected":false},"excerpt":{"rendered":"<p>La classe de 4t hem pogut realitzar un taller de Manga, gr\u00e0cies a la col\u00b7laboraci\u00f3 de l&#8217;Enrique, pare d&#8217;una alumna de 4t.<br \/>\nPer comen\u00e7ar vam\u00a0 fer una passejada per una exposici\u00f3 que va organitzar sobre:\u00a0 el material de dibuix que\u00a0 fa servir (ens va explicar amb&hellip;  <a href=\"https:\/\/agora.xtec.cat\/escola-bernatmetgeelprat\/general\/taller-manga-a-4t\/\" title=\"Read TALLER MANGA A 4T\">Llegeix m\u00e9s\u00bb<\/a><\/p>\n","protected":false},"author":1,"featured_media":0,"comment_status":"open","ping_status":"closed","sticky":false,"template":"","format":"standard","meta":{"_bbp_topic_count":0,"_bbp_reply_count":0,"_bbp_total_topic_count":0,"_bbp_total_reply_count":0,"_bbp_voice_count":0,"_bbp_anonymous_reply_count":0,"_bbp_topic_count_hidden":0,"_bbp_reply_count_hidden":0,"_bbp_forum_subforum_count":0,"footnotes":""},"categories":[13,1,77,4,5,74],"tags":[],"class_list":["post-24975","post","type-post","status-publish","format-standard","hentry","category-4t","category-general","category-participacio-families","category-portada","category-primaria","category-treball-per-projectes"],"post_mailing_queue_ids":[],"_links":{"self":[{"href":"https:\/\/agora.xtec.cat\/escola-bernatmetgeelprat\/wp-json\/wp\/v2\/posts\/24975","targetHints":{"allow":["GET"]}}],"collection":[{"href":"https:\/\/agora.xtec.cat\/escola-bernatmetgeelprat\/wp-json\/wp\/v2\/posts"}],"about":[{"href":"https:\/\/agora.xtec.cat\/escola-bernatmetgeelprat\/wp-json\/wp\/v2\/types\/post"}],"author":[{"embeddable":true,"href":"https:\/\/agora.xtec.cat\/escola-bernatmetgeelprat\/wp-json\/wp\/v2\/users\/1"}],"replies":[{"embeddable":true,"href":"https:\/\/agora.xtec.cat\/escola-bernatmetgeelprat\/wp-json\/wp\/v2\/comments?post=24975"}],"version-history":[{"count":6,"href":"https:\/\/agora.xtec.cat\/escola-bernatmetgeelprat\/wp-json\/wp\/v2\/posts\/24975\/revisions"}],"predecessor-version":[{"id":25050,"href":"https:\/\/agora.xtec.cat\/escola-bernatmetgeelprat\/wp-json\/wp\/v2\/posts\/24975\/revisions\/25050"}],"wp:attachment":[{"href":"https:\/\/agora.xtec.cat\/escola-bernatmetgeelprat\/wp-json\/wp\/v2\/media?parent=24975"}],"wp:term":[{"taxonomy":"category","embeddable":true,"href":"https:\/\/agora.xtec.cat\/escola-bernatmetgeelprat\/wp-json\/wp\/v2\/categories?post=24975"},{"taxonomy":"post_tag","embeddable":true,"href":"https:\/\/agora.xtec.cat\/escola-bernatmetgeelprat\/wp-json\/wp\/v2\/tags?post=24975"}],"curies":[{"name":"wp","href":"https:\/\/api.w.org\/{rel}","templated":true}]}}