{"id":24959,"date":"2024-05-13T16:32:26","date_gmt":"2024-05-13T14:32:26","guid":{"rendered":"https:\/\/agora.xtec.cat\/escola-bernatmetgeelprat\/?p=24959"},"modified":"2024-05-13T16:38:00","modified_gmt":"2024-05-13T14:38:00","slug":"mercat-intercanvi-llibres-sant-jordi-afa","status":"publish","type":"post","link":"https:\/\/agora.xtec.cat\/escola-bernatmetgeelprat\/general\/mercat-intercanvi-llibres-sant-jordi-afa\/","title":{"rendered":"Mercat intercanvi llibres Sant Jordi AFA"},"content":{"rendered":"<p style=\"text-align: justify;\">La tarda del 23 d&#8217;abril l&#8217;AFA de l&#8217;escola va organitzar un mercat d&#8217;intercanvi de llibres. Aix\u00ed els i les alumnes van poder canviar un llibre\u00a0que ja no feien servir per un altre que els hi agrad\u00e9s.<\/p>\n<p style=\"text-align: justify;\">Moltes gr\u00e0cies per la vostra participaci\u00f3.<\/p>\n<p><a href=\"https:\/\/photos.app.goo.gl\/sNcbUipboPHnAXfy9\" target=\"_blank\" rel=\"noopener\"><img loading=\"lazy\" decoding=\"async\" class=\"aligncenter size-full wp-image-24963\" src=\"https:\/\/agora.xtec.cat\/escola-bernatmetgeelprat\/wp-content\/uploads\/usu186\/2024\/05\/WhatsApp-Image-2024-05-13-at-16.24.03-2-2.jpeg\" alt=\"\" width=\"689\" height=\"919\" srcset=\"https:\/\/agora.xtec.cat\/escola-bernatmetgeelprat\/wp-content\/uploads\/usu186\/2024\/05\/WhatsApp-Image-2024-05-13-at-16.24.03-2-2.jpeg 689w, https:\/\/agora.xtec.cat\/escola-bernatmetgeelprat\/wp-content\/uploads\/usu186\/2024\/05\/WhatsApp-Image-2024-05-13-at-16.24.03-2-2-225x300.jpeg 225w\" sizes=\"auto, (max-width: 689px) 100vw, 689px\" \/><\/a><\/p>\n<p style=\"text-align: justify;\">Clicant a la imatge podreu accedir a l\u2019\u00e0lbum de fotografies.<\/p>\n<p style=\"text-align: justify;\">(Av\u00eds: La publicaci\u00f3 d\u2019imatges de l\u2019alumnat de l\u2019escola correspon \u00fanicament a la pr\u00f2pia escola. Per tant, \u00e9s prohibida la difusi\u00f3 o manipulaci\u00f3 en d\u2019altres espais p\u00fablics. Llei org\u00e0nica 1\/1982 de 5 de maig sobre el dret a l\u2019honor, a la pr\u00f2pia intimitat i la pr\u00f2pia imatge.)<\/p>\n","protected":false},"excerpt":{"rendered":"<p>La tarda del 23 d&#8217;abril l&#8217;AFA de l&#8217;escola va organitzar un mercat d&#8217;intercanvi de llibres. Aix\u00ed els i les alumnes van poder canviar un llibre\u00a0que ja no feien servir per un altre que els hi agrad\u00e9s.<br \/>\nMoltes gr\u00e0cies per la vostra participaci\u00f3.<br \/>\n<a href=\"https:\/\/photos.app.goo.gl\/sNcbUipboPHnAXfy9\" target=\"_blank\" rel=\"noopener\"><\/a><br \/>\nClicant a&hellip;  <a href=\"https:\/\/agora.xtec.cat\/escola-bernatmetgeelprat\/general\/mercat-intercanvi-llibres-sant-jordi-afa\/\" title=\"Read Mercat intercanvi llibres Sant Jordi AFA\">Llegeix m\u00e9s\u00bb<\/a><\/p>\n","protected":false},"author":1,"featured_media":0,"comment_status":"open","ping_status":"closed","sticky":false,"template":"","format":"standard","meta":{"_bbp_topic_count":0,"_bbp_reply_count":0,"_bbp_total_topic_count":0,"_bbp_total_reply_count":0,"_bbp_voice_count":0,"_bbp_anonymous_reply_count":0,"_bbp_topic_count_hidden":0,"_bbp_reply_count_hidden":0,"_bbp_forum_subforum_count":0,"footnotes":""},"categories":[7,22,1,77,4,59],"tags":[],"class_list":["post-24959","post","type-post","status-publish","format-standard","hentry","category-ampa","category-festes","category-general","category-participacio-families","category-portada","category-sant-jordi"],"post_mailing_queue_ids":[],"_links":{"self":[{"href":"https:\/\/agora.xtec.cat\/escola-bernatmetgeelprat\/wp-json\/wp\/v2\/posts\/24959","targetHints":{"allow":["GET"]}}],"collection":[{"href":"https:\/\/agora.xtec.cat\/escola-bernatmetgeelprat\/wp-json\/wp\/v2\/posts"}],"about":[{"href":"https:\/\/agora.xtec.cat\/escola-bernatmetgeelprat\/wp-json\/wp\/v2\/types\/post"}],"author":[{"embeddable":true,"href":"https:\/\/agora.xtec.cat\/escola-bernatmetgeelprat\/wp-json\/wp\/v2\/users\/1"}],"replies":[{"embeddable":true,"href":"https:\/\/agora.xtec.cat\/escola-bernatmetgeelprat\/wp-json\/wp\/v2\/comments?post=24959"}],"version-history":[{"count":5,"href":"https:\/\/agora.xtec.cat\/escola-bernatmetgeelprat\/wp-json\/wp\/v2\/posts\/24959\/revisions"}],"predecessor-version":[{"id":24966,"href":"https:\/\/agora.xtec.cat\/escola-bernatmetgeelprat\/wp-json\/wp\/v2\/posts\/24959\/revisions\/24966"}],"wp:attachment":[{"href":"https:\/\/agora.xtec.cat\/escola-bernatmetgeelprat\/wp-json\/wp\/v2\/media?parent=24959"}],"wp:term":[{"taxonomy":"category","embeddable":true,"href":"https:\/\/agora.xtec.cat\/escola-bernatmetgeelprat\/wp-json\/wp\/v2\/categories?post=24959"},{"taxonomy":"post_tag","embeddable":true,"href":"https:\/\/agora.xtec.cat\/escola-bernatmetgeelprat\/wp-json\/wp\/v2\/tags?post=24959"}],"curies":[{"name":"wp","href":"https:\/\/api.w.org\/{rel}","templated":true}]}}