{"id":24513,"date":"2024-01-09T10:31:44","date_gmt":"2024-01-09T09:31:44","guid":{"rendered":"https:\/\/agora.xtec.cat\/escola-bernatmetgeelprat\/?p=24513"},"modified":"2024-01-09T10:33:05","modified_gmt":"2024-01-09T09:33:05","slug":"visita-pare-noel-afa-2","status":"publish","type":"post","link":"https:\/\/agora.xtec.cat\/escola-bernatmetgeelprat\/infantil\/visita-pare-noel-afa-2\/","title":{"rendered":"Visita Pare Noel AFA"},"content":{"rendered":"<p style=\"text-align: justify;\">El passat 20 de desembre els pares i mares del AFA van organitzar la visita del Pare Noel a la nostra escola.<\/p>\n<p style=\"text-align: justify;\">El Pare Noel va rebre a tots els grups i va donar un petit regal per a cada nen i nena.<\/p>\n<p style=\"text-align: justify;\">A m\u00e9s des de l&#8217;AFA van convidar a tots els nens i nenes de l&#8217;escola a una xocolatada.<\/p>\n<p style=\"text-align: justify;\">Moltes gr\u00e0cies a les fam\u00edlies que van participar!<\/p>\n<p><a href=\"https:\/\/photos.app.goo.gl\/fqksBRF5TaVtZzsh6\" target=\"_blank\" rel=\"noopener\"><img loading=\"lazy\" decoding=\"async\" class=\"aligncenter size-full wp-image-24514\" src=\"https:\/\/agora.xtec.cat\/escola-bernatmetgeelprat\/wp-content\/uploads\/usu186\/2024\/01\/IMG_20231220_093045.jpg\" alt=\"\" width=\"1250\" height=\"937\" srcset=\"https:\/\/agora.xtec.cat\/escola-bernatmetgeelprat\/wp-content\/uploads\/usu186\/2024\/01\/IMG_20231220_093045.jpg 1250w, https:\/\/agora.xtec.cat\/escola-bernatmetgeelprat\/wp-content\/uploads\/usu186\/2024\/01\/IMG_20231220_093045-300x225.jpg 300w, https:\/\/agora.xtec.cat\/escola-bernatmetgeelprat\/wp-content\/uploads\/usu186\/2024\/01\/IMG_20231220_093045-1024x768.jpg 1024w, https:\/\/agora.xtec.cat\/escola-bernatmetgeelprat\/wp-content\/uploads\/usu186\/2024\/01\/IMG_20231220_093045-768x576.jpg 768w, https:\/\/agora.xtec.cat\/escola-bernatmetgeelprat\/wp-content\/uploads\/usu186\/2024\/01\/IMG_20231220_093045-200x150.jpg 200w\" sizes=\"auto, (max-width: 1250px) 100vw, 1250px\" \/><\/a><\/p>\n<p style=\"text-align: justify;\">Clicant a la imatge de cada nivell podreu accedir a l\u2019\u00e0lbum de fotografies.<\/p>\n<p style=\"text-align: justify;\">(Av\u00eds: La publicaci\u00f3 d\u2019imatges de l\u2019alumnat de l\u2019escola correspon \u00fanicament a la pr\u00f2pia escola. Per tant, \u00e9s prohibida la difusi\u00f3 o manipulaci\u00f3 en d\u2019altres espais p\u00fablics. Llei org\u00e0nica 1\/1982 de 5 maig sobre el dret a l\u2019honor, a la pr\u00f2pia intimitat i la pr\u00f2pia imatge.)<\/p>\n","protected":false},"excerpt":{"rendered":"<p>El passat 20 de desembre els pares i mares del AFA van organitzar la visita del Pare Noel a la nostra escola.<br \/>\nEl Pare Noel va rebre a tots els grups i va donar un petit regal per a cada nen i nena.<br \/>\nA m\u00e9s des de&hellip;  <a href=\"https:\/\/agora.xtec.cat\/escola-bernatmetgeelprat\/infantil\/visita-pare-noel-afa-2\/\" title=\"Read Visita Pare Noel AFA\">Llegeix m\u00e9s\u00bb<\/a><\/p>\n","protected":false},"author":1,"featured_media":0,"comment_status":"open","ping_status":"closed","sticky":false,"template":"","format":"standard","meta":{"_bbp_topic_count":0,"_bbp_reply_count":0,"_bbp_total_topic_count":0,"_bbp_total_reply_count":0,"_bbp_voice_count":0,"_bbp_anonymous_reply_count":0,"_bbp_topic_count_hidden":0,"_bbp_reply_count_hidden":0,"_bbp_forum_subforum_count":0,"footnotes":""},"categories":[7,22,2,57,77,4,5],"tags":[],"class_list":["post-24513","post","type-post","status-publish","format-standard","hentry","category-ampa","category-festes","category-infantil","category-nadal","category-participacio-families","category-portada","category-primaria"],"post_mailing_queue_ids":[],"_links":{"self":[{"href":"https:\/\/agora.xtec.cat\/escola-bernatmetgeelprat\/wp-json\/wp\/v2\/posts\/24513","targetHints":{"allow":["GET"]}}],"collection":[{"href":"https:\/\/agora.xtec.cat\/escola-bernatmetgeelprat\/wp-json\/wp\/v2\/posts"}],"about":[{"href":"https:\/\/agora.xtec.cat\/escola-bernatmetgeelprat\/wp-json\/wp\/v2\/types\/post"}],"author":[{"embeddable":true,"href":"https:\/\/agora.xtec.cat\/escola-bernatmetgeelprat\/wp-json\/wp\/v2\/users\/1"}],"replies":[{"embeddable":true,"href":"https:\/\/agora.xtec.cat\/escola-bernatmetgeelprat\/wp-json\/wp\/v2\/comments?post=24513"}],"version-history":[{"count":3,"href":"https:\/\/agora.xtec.cat\/escola-bernatmetgeelprat\/wp-json\/wp\/v2\/posts\/24513\/revisions"}],"predecessor-version":[{"id":24517,"href":"https:\/\/agora.xtec.cat\/escola-bernatmetgeelprat\/wp-json\/wp\/v2\/posts\/24513\/revisions\/24517"}],"wp:attachment":[{"href":"https:\/\/agora.xtec.cat\/escola-bernatmetgeelprat\/wp-json\/wp\/v2\/media?parent=24513"}],"wp:term":[{"taxonomy":"category","embeddable":true,"href":"https:\/\/agora.xtec.cat\/escola-bernatmetgeelprat\/wp-json\/wp\/v2\/categories?post=24513"},{"taxonomy":"post_tag","embeddable":true,"href":"https:\/\/agora.xtec.cat\/escola-bernatmetgeelprat\/wp-json\/wp\/v2\/tags?post=24513"}],"curies":[{"name":"wp","href":"https:\/\/api.w.org\/{rel}","templated":true}]}}