{"id":23924,"date":"2023-05-31T16:28:31","date_gmt":"2023-05-31T14:28:31","guid":{"rendered":"https:\/\/agora.xtec.cat\/escola-bernatmetgeelprat\/?p=23924"},"modified":"2023-05-31T17:39:48","modified_gmt":"2023-05-31T15:39:48","slug":"mobilitat-segura-a-3r","status":"publish","type":"post","link":"https:\/\/agora.xtec.cat\/escola-bernatmetgeelprat\/general\/mobilitat-segura-a-3r\/","title":{"rendered":"Mobilitat segura a 3r!"},"content":{"rendered":"<p style=\"text-align: justify;\">La classe tercer vam realitzar un taller d&#8217;educaci\u00f3 vi\u00e0ria per promoure la mobilitat segura, molt pr\u00e0ctic i vivencial!<\/p>\n<p style=\"text-align: justify;\">Ens va explicar coses importants com saber que sempre hem de creuar els carrers pels passos de vianants, que cal mirar sempre als dos cantons abans de creuar i observar sempre les indicacions que trobem a la ciutat!<\/p>\n<p><a href=\"https:\/\/www.canva.com\/design\/DAFkfHQTk44\/vEXNiwbqSZT-gRAC9LPtpA\/watch?utm_content=DAFkfHQTk44&amp;utm_campaign=designshare&amp;utm_medium=link&amp;utm_source=publishsharelink\" target=\"_blank\" rel=\"noopener\"><img loading=\"lazy\" decoding=\"async\" class=\"aligncenter wp-image-23983\" src=\"https:\/\/agora.xtec.cat\/escola-bernatmetgeelprat\/wp-content\/uploads\/usu186\/2023\/05\/descarga.jpeg\" alt=\"\" width=\"312\" height=\"231\" \/><\/a><\/p>\n","protected":false},"excerpt":{"rendered":"<p>La classe tercer vam realitzar un taller d&#8217;educaci\u00f3 vi\u00e0ria per promoure la mobilitat segura, molt pr\u00e0ctic i vivencial!<br \/>\nEns va explicar coses importants com saber que sempre hem de creuar els carrers pels passos de vianants, que cal mirar sempre als dos cantons abans de creuar&hellip;  <a href=\"https:\/\/agora.xtec.cat\/escola-bernatmetgeelprat\/general\/mobilitat-segura-a-3r\/\" title=\"Read Mobilitat segura a 3r!\">Llegeix m\u00e9s\u00bb<\/a><\/p>\n","protected":false},"author":1,"featured_media":0,"comment_status":"open","ping_status":"closed","sticky":false,"template":"","format":"standard","meta":{"_bbp_topic_count":0,"_bbp_reply_count":0,"_bbp_total_topic_count":0,"_bbp_total_reply_count":0,"_bbp_voice_count":0,"_bbp_anonymous_reply_count":0,"_bbp_topic_count_hidden":0,"_bbp_reply_count_hidden":0,"_bbp_forum_subforum_count":0,"footnotes":""},"categories":[12,26,21,1,4,5],"tags":[],"class_list":["post-23924","post","type-post","status-publish","format-standard","hentry","category-3r","category-cicle-mitja","category-cicles","category-general","category-portada","category-primaria"],"post_mailing_queue_ids":[],"_links":{"self":[{"href":"https:\/\/agora.xtec.cat\/escola-bernatmetgeelprat\/wp-json\/wp\/v2\/posts\/23924","targetHints":{"allow":["GET"]}}],"collection":[{"href":"https:\/\/agora.xtec.cat\/escola-bernatmetgeelprat\/wp-json\/wp\/v2\/posts"}],"about":[{"href":"https:\/\/agora.xtec.cat\/escola-bernatmetgeelprat\/wp-json\/wp\/v2\/types\/post"}],"author":[{"embeddable":true,"href":"https:\/\/agora.xtec.cat\/escola-bernatmetgeelprat\/wp-json\/wp\/v2\/users\/1"}],"replies":[{"embeddable":true,"href":"https:\/\/agora.xtec.cat\/escola-bernatmetgeelprat\/wp-json\/wp\/v2\/comments?post=23924"}],"version-history":[{"count":3,"href":"https:\/\/agora.xtec.cat\/escola-bernatmetgeelprat\/wp-json\/wp\/v2\/posts\/23924\/revisions"}],"predecessor-version":[{"id":23989,"href":"https:\/\/agora.xtec.cat\/escola-bernatmetgeelprat\/wp-json\/wp\/v2\/posts\/23924\/revisions\/23989"}],"wp:attachment":[{"href":"https:\/\/agora.xtec.cat\/escola-bernatmetgeelprat\/wp-json\/wp\/v2\/media?parent=23924"}],"wp:term":[{"taxonomy":"category","embeddable":true,"href":"https:\/\/agora.xtec.cat\/escola-bernatmetgeelprat\/wp-json\/wp\/v2\/categories?post=23924"},{"taxonomy":"post_tag","embeddable":true,"href":"https:\/\/agora.xtec.cat\/escola-bernatmetgeelprat\/wp-json\/wp\/v2\/tags?post=23924"}],"curies":[{"name":"wp","href":"https:\/\/api.w.org\/{rel}","templated":true}]}}