{"id":23720,"date":"2023-04-25T14:15:14","date_gmt":"2023-04-25T12:15:14","guid":{"rendered":"https:\/\/agora.xtec.cat\/escola-bernatmetgeelprat\/?p=23720"},"modified":"2023-04-25T14:18:51","modified_gmt":"2023-04-25T12:18:51","slug":"acrosport-a-cicle-superior","status":"publish","type":"post","link":"https:\/\/agora.xtec.cat\/escola-bernatmetgeelprat\/portada\/acrosport-a-cicle-superior\/","title":{"rendered":"Acrosport a Cicle Superior"},"content":{"rendered":"<div style=\"text-align: justify;\">\n<p>Els alumnes\u00a0 de 5\u00e8 i 6\u00e8 han tornat a practicar l&#8217;Acrosport. Han pres consci\u00e8ncia de la seva anatomia \u00f2ssia per tal de tenir cura de la pr\u00f2pia columna vertebral, la cintura escapular i p\u00e8lvica. L&#8217;ajust postural era important. Han treballat en equip\u00a0 per aconseguir fer aut\u00e8ntiques figures humanes.<\/p>\n<p>Jugar et permet <strong>l&#8217; Acceptaci\u00f3 de la pr\u00f2pia imatge corporal<\/strong> i de la realitat corporal de les altres persones. El moviment permet <strong>la Col\u00b7laboraci\u00f3 amb tothom<\/strong> en la pr\u00e0ctica d\u2019activitats f\u00edsiques diverses, mostrant empatia per tothom amb independ\u00e8ncia de les seves caracter\u00edstiques personals.<\/p>\n<p>L&#8217;Educaci\u00f3 F\u00edsica &#8220;Contribueix a assolir la compet\u00e8ncia social i ciutadana que reflexa el curr\u00edculum.&#8221;<\/p>\n<\/div>\n<div style=\"text-align: justify;\"><strong>5\u00e8<\/strong><\/div>\n<div style=\"text-align: justify;\"><strong>\u00a0<\/strong><\/div>\n<div style=\"text-align: justify;\"><\/div>\n<div><a href=\"https:\/\/photos.app.goo.gl\/kbeQhAHVnDgMJbKB9\" target=\"_blank\" rel=\"noopener\"><img loading=\"lazy\" decoding=\"async\" class=\"aligncenter size-full wp-image-23762\" src=\"https:\/\/agora.xtec.cat\/escola-bernatmetgeelprat\/wp-content\/uploads\/usu186\/2023\/04\/IMG_6328-scaled.jpg\" alt=\"\" width=\"2560\" height=\"1920\" srcset=\"https:\/\/agora.xtec.cat\/escola-bernatmetgeelprat\/wp-content\/uploads\/usu186\/2023\/04\/IMG_6328-scaled.jpg 2560w, https:\/\/agora.xtec.cat\/escola-bernatmetgeelprat\/wp-content\/uploads\/usu186\/2023\/04\/IMG_6328-300x225.jpg 300w, https:\/\/agora.xtec.cat\/escola-bernatmetgeelprat\/wp-content\/uploads\/usu186\/2023\/04\/IMG_6328-1024x768.jpg 1024w, https:\/\/agora.xtec.cat\/escola-bernatmetgeelprat\/wp-content\/uploads\/usu186\/2023\/04\/IMG_6328-768x576.jpg 768w, https:\/\/agora.xtec.cat\/escola-bernatmetgeelprat\/wp-content\/uploads\/usu186\/2023\/04\/IMG_6328-1536x1152.jpg 1536w, https:\/\/agora.xtec.cat\/escola-bernatmetgeelprat\/wp-content\/uploads\/usu186\/2023\/04\/IMG_6328-2048x1536.jpg 2048w, https:\/\/agora.xtec.cat\/escola-bernatmetgeelprat\/wp-content\/uploads\/usu186\/2023\/04\/IMG_6328-200x150.jpg 200w\" sizes=\"auto, (max-width: 2560px) 100vw, 2560px\" \/><\/a><\/div>\n<div><\/div>\n<div><\/div>\n<p><strong>6\u00e8<\/strong><\/p>\n<div><\/div>\n<div><strong><a href=\"https:\/\/photos.app.goo.gl\/qj6MXGf5GuRjG8336\" target=\"_blank\" rel=\"noopener\"><img loading=\"lazy\" decoding=\"async\" class=\"aligncenter size-full wp-image-23763\" src=\"https:\/\/agora.xtec.cat\/escola-bernatmetgeelprat\/wp-content\/uploads\/usu186\/2023\/04\/IMG_6319-scaled.jpg\" alt=\"\" width=\"2560\" height=\"1920\" srcset=\"https:\/\/agora.xtec.cat\/escola-bernatmetgeelprat\/wp-content\/uploads\/usu186\/2023\/04\/IMG_6319-scaled.jpg 2560w, https:\/\/agora.xtec.cat\/escola-bernatmetgeelprat\/wp-content\/uploads\/usu186\/2023\/04\/IMG_6319-300x225.jpg 300w, https:\/\/agora.xtec.cat\/escola-bernatmetgeelprat\/wp-content\/uploads\/usu186\/2023\/04\/IMG_6319-1024x768.jpg 1024w, https:\/\/agora.xtec.cat\/escola-bernatmetgeelprat\/wp-content\/uploads\/usu186\/2023\/04\/IMG_6319-768x576.jpg 768w, https:\/\/agora.xtec.cat\/escola-bernatmetgeelprat\/wp-content\/uploads\/usu186\/2023\/04\/IMG_6319-1536x1152.jpg 1536w, https:\/\/agora.xtec.cat\/escola-bernatmetgeelprat\/wp-content\/uploads\/usu186\/2023\/04\/IMG_6319-2048x1536.jpg 2048w, https:\/\/agora.xtec.cat\/escola-bernatmetgeelprat\/wp-content\/uploads\/usu186\/2023\/04\/IMG_6319-200x150.jpg 200w\" sizes=\"auto, (max-width: 2560px) 100vw, 2560px\" \/><\/a><br \/>\n<\/strong><\/div>\n<div style=\"text-align: justify;\"><\/div>\n<p style=\"text-align: justify;\"><span style=\"font-family: inherit; font-size: 1em;\">Clicant a les imatges podreu accedir als \u00e0lbums de fotografies.<\/span><\/p>\n<p style=\"text-align: justify;\"><span style=\"font-family: inherit; font-size: 1em;\">(Av\u00eds: La publicaci\u00f3 d\u2019imatges de l\u2019alumnat de l\u2019escola correspon \u00fanicament a la pr\u00f2pia escola. Per tant, \u00e9s prohibida la difusi\u00f3 o manipulaci\u00f3 en d\u2019altres espais p\u00fablics. Llei org\u00e0nica 1\/1982 de 5 de maig sobre el dret a l\u2019honor, a la pr\u00f2pia intimitat i la pr\u00f2pia imatge.)<\/span><\/p>\n","protected":false},"excerpt":{"rendered":"<p>Els alumnes\u00a0 de 5\u00e8 i 6\u00e8 han tornat a practicar l&#8217;Acrosport. Han pres consci\u00e8ncia de la seva anatomia \u00f2ssia per tal de tenir cura de la pr\u00f2pia columna vertebral, la cintura escapular i p\u00e8lvica. L&#8217;ajust postural era important. Han treballat en equip\u00a0 per aconseguir fer&hellip;  <a href=\"https:\/\/agora.xtec.cat\/escola-bernatmetgeelprat\/portada\/acrosport-a-cicle-superior\/\" title=\"Read Acrosport a Cicle Superior\">Llegeix m\u00e9s\u00bb<\/a><\/p>\n","protected":false},"author":1,"featured_media":0,"comment_status":"open","ping_status":"closed","sticky":false,"template":"","format":"standard","meta":{"_bbp_topic_count":0,"_bbp_reply_count":0,"_bbp_total_topic_count":0,"_bbp_total_reply_count":0,"_bbp_voice_count":0,"_bbp_anonymous_reply_count":0,"_bbp_topic_count_hidden":0,"_bbp_reply_count_hidden":0,"_bbp_forum_subforum_count":0,"footnotes":""},"categories":[14,15,27,132,4],"tags":[],"class_list":["post-23720","post","type-post","status-publish","format-standard","hentry","category-5e","category-6e","category-cicle-superior","category-educacio-fisica","category-portada"],"post_mailing_queue_ids":[],"_links":{"self":[{"href":"https:\/\/agora.xtec.cat\/escola-bernatmetgeelprat\/wp-json\/wp\/v2\/posts\/23720","targetHints":{"allow":["GET"]}}],"collection":[{"href":"https:\/\/agora.xtec.cat\/escola-bernatmetgeelprat\/wp-json\/wp\/v2\/posts"}],"about":[{"href":"https:\/\/agora.xtec.cat\/escola-bernatmetgeelprat\/wp-json\/wp\/v2\/types\/post"}],"author":[{"embeddable":true,"href":"https:\/\/agora.xtec.cat\/escola-bernatmetgeelprat\/wp-json\/wp\/v2\/users\/1"}],"replies":[{"embeddable":true,"href":"https:\/\/agora.xtec.cat\/escola-bernatmetgeelprat\/wp-json\/wp\/v2\/comments?post=23720"}],"version-history":[{"count":4,"href":"https:\/\/agora.xtec.cat\/escola-bernatmetgeelprat\/wp-json\/wp\/v2\/posts\/23720\/revisions"}],"predecessor-version":[{"id":23769,"href":"https:\/\/agora.xtec.cat\/escola-bernatmetgeelprat\/wp-json\/wp\/v2\/posts\/23720\/revisions\/23769"}],"wp:attachment":[{"href":"https:\/\/agora.xtec.cat\/escola-bernatmetgeelprat\/wp-json\/wp\/v2\/media?parent=23720"}],"wp:term":[{"taxonomy":"category","embeddable":true,"href":"https:\/\/agora.xtec.cat\/escola-bernatmetgeelprat\/wp-json\/wp\/v2\/categories?post=23720"},{"taxonomy":"post_tag","embeddable":true,"href":"https:\/\/agora.xtec.cat\/escola-bernatmetgeelprat\/wp-json\/wp\/v2\/tags?post=23720"}],"curies":[{"name":"wp","href":"https:\/\/api.w.org\/{rel}","templated":true}]}}