{"id":23660,"date":"2023-04-20T14:03:33","date_gmt":"2023-04-20T12:03:33","guid":{"rendered":"https:\/\/agora.xtec.cat\/escola-bernatmetgeelprat\/?p=23660"},"modified":"2023-04-20T14:21:48","modified_gmt":"2023-04-20T12:21:48","slug":"fem-un-telenoticies-a-tercer","status":"publish","type":"post","link":"https:\/\/agora.xtec.cat\/escola-bernatmetgeelprat\/general\/fem-un-telenoticies-a-tercer\/","title":{"rendered":"FEM UN TELENOT\u00cdCIES A TERCER!"},"content":{"rendered":"<p style=\"text-align: justify;\">A les sessions de castell\u00e0, les nenes i els nens de tercer hem realitzat un telenot\u00edcies. Per parelles ens vam convertir en periodistes i vam investigar les parts de la not\u00edcies i vam redactar les nostres, fem l&#8217;exposici\u00f3 oral d&#8217;aquestes i creant un informatiu. Us compartim les not\u00edcies!<\/p>\n<p><a href=\"https:\/\/www.canva.com\/design\/DAFf41O3nHk\/kTt8198tzaKrxcehEg0VPg\/edit?utm_content=DAFf41O3nHk&amp;utm_campaign=designshare&amp;utm_medium=link2&amp;utm_source=sharebutton\" target=\"_blank\" rel=\"noopener\"><img loading=\"lazy\" decoding=\"async\" class=\"aligncenter wp-image-23710 size-full\" src=\"https:\/\/agora.xtec.cat\/escola-bernatmetgeelprat\/wp-content\/uploads\/usu186\/2023\/04\/tle.jpg\" alt=\"\" width=\"254\" height=\"198\" \/><\/a><\/p>\n<p style=\"text-align: justify;\">Clicant a la imatge podreu veure el v\u00eddeo.<\/p>\n<p style=\"text-align: justify;\">(Av\u00eds: La publicaci\u00f3 d\u2019imatges de l\u2019alumnat de l\u2019escola correspon \u00fanicament a la pr\u00f2pia escola. Per tant, \u00e9s prohibida la difusi\u00f3 o manipulaci\u00f3 en d\u2019altres espais p\u00fablics. Llei org\u00e0nica 1\/1982 de 5 de maig sobre el dret a l\u2019honor, a la pr\u00f2pia intimitat i la pr\u00f2pia imatge.)<\/p>\n","protected":false},"excerpt":{"rendered":"<p>A les sessions de castell\u00e0, les nenes i els nens de tercer hem realitzat un telenot\u00edcies. Per parelles ens vam convertir en periodistes i vam investigar les parts de la not\u00edcies i vam redactar les nostres, fem l&#8217;exposici\u00f3 oral d&#8217;aquestes i creant un informatiu. Us&hellip;  <a href=\"https:\/\/agora.xtec.cat\/escola-bernatmetgeelprat\/general\/fem-un-telenoticies-a-tercer\/\" title=\"Read FEM UN TELENOT\u00cdCIES A TERCER!\">Llegeix m\u00e9s\u00bb<\/a><\/p>\n","protected":false},"author":1,"featured_media":0,"comment_status":"open","ping_status":"closed","sticky":false,"template":"","format":"standard","meta":{"_bbp_topic_count":0,"_bbp_reply_count":0,"_bbp_total_topic_count":0,"_bbp_total_reply_count":0,"_bbp_voice_count":0,"_bbp_anonymous_reply_count":0,"_bbp_topic_count_hidden":0,"_bbp_reply_count_hidden":0,"_bbp_forum_subforum_count":0,"footnotes":""},"categories":[12,26,1,4,5],"tags":[],"class_list":["post-23660","post","type-post","status-publish","format-standard","hentry","category-3r","category-cicle-mitja","category-general","category-portada","category-primaria"],"post_mailing_queue_ids":[],"_links":{"self":[{"href":"https:\/\/agora.xtec.cat\/escola-bernatmetgeelprat\/wp-json\/wp\/v2\/posts\/23660","targetHints":{"allow":["GET"]}}],"collection":[{"href":"https:\/\/agora.xtec.cat\/escola-bernatmetgeelprat\/wp-json\/wp\/v2\/posts"}],"about":[{"href":"https:\/\/agora.xtec.cat\/escola-bernatmetgeelprat\/wp-json\/wp\/v2\/types\/post"}],"author":[{"embeddable":true,"href":"https:\/\/agora.xtec.cat\/escola-bernatmetgeelprat\/wp-json\/wp\/v2\/users\/1"}],"replies":[{"embeddable":true,"href":"https:\/\/agora.xtec.cat\/escola-bernatmetgeelprat\/wp-json\/wp\/v2\/comments?post=23660"}],"version-history":[{"count":3,"href":"https:\/\/agora.xtec.cat\/escola-bernatmetgeelprat\/wp-json\/wp\/v2\/posts\/23660\/revisions"}],"predecessor-version":[{"id":23727,"href":"https:\/\/agora.xtec.cat\/escola-bernatmetgeelprat\/wp-json\/wp\/v2\/posts\/23660\/revisions\/23727"}],"wp:attachment":[{"href":"https:\/\/agora.xtec.cat\/escola-bernatmetgeelprat\/wp-json\/wp\/v2\/media?parent=23660"}],"wp:term":[{"taxonomy":"category","embeddable":true,"href":"https:\/\/agora.xtec.cat\/escola-bernatmetgeelprat\/wp-json\/wp\/v2\/categories?post=23660"},{"taxonomy":"post_tag","embeddable":true,"href":"https:\/\/agora.xtec.cat\/escola-bernatmetgeelprat\/wp-json\/wp\/v2\/tags?post=23660"}],"curies":[{"name":"wp","href":"https:\/\/api.w.org\/{rel}","templated":true}]}}