{"id":23610,"date":"2023-03-22T15:19:38","date_gmt":"2023-03-22T14:19:38","guid":{"rendered":"https:\/\/agora.xtec.cat\/escola-bernatmetgeelprat\/?p=23610"},"modified":"2023-04-21T14:08:06","modified_gmt":"2023-04-21T12:08:06","slug":"fem-grups-interactius","status":"publish","type":"post","link":"https:\/\/agora.xtec.cat\/escola-bernatmetgeelprat\/general\/fem-grups-interactius\/","title":{"rendered":"Fem grups interactius!"},"content":{"rendered":"<p style=\"text-align: justify;\"><span style=\"font-weight: 400;\">Els nens i nenes d\u2019educaci\u00f3 infantil tamb\u00e9 fan grups interactius durant la setmana!!<\/span><\/p>\n<p style=\"text-align: justify;\"><em>Qu\u00e8 s\u00f3n els grups interactius?<\/em><\/p>\n<p style=\"text-align: justify;\"><span style=\"font-weight: 400;\">S\u00f3n activitats d\u2019aula que es realitzen amb un format i amb una actuaci\u00f3 per part de l\u2019adult d&#8217;una manera especial. A l\u2019escola Bernat Metge ens organitzem per equips de treball i realitzem 4 activitats que es van desenvolupant durant 10 minuts cada una i els infants van rotant fins fer-les totes.\u00a0<\/span><\/p>\n<p style=\"text-align: justify;\"><em><strong>Per qu\u00e8 s\u00f3n especials per ells i elles?<\/strong><\/em><\/p>\n<p style=\"text-align: justify;\"><span style=\"font-weight: 400;\">Les activitats que realitzem s\u00f3n guiades i dinamitzades pels mestres per\u00f2, necessiten l\u2019ajuda m\u00e9s important perqu\u00e8 aquestes siguin tan especials: l&#8217;ajuda de les <strong>FAM\u00cdLIES<\/strong>.\u00a0<\/span><\/p>\n<p style=\"text-align: justify;\"><span style=\"font-weight: 400;\">L\u2019escola obre les seves portes i convida a les fam\u00edlies a participar als grups interactius, dinamitzant, acompanyant i gaudint del seu aprenentatge.\u00a0<\/span><\/p>\n<p style=\"text-align: justify;\"><span style=\"font-weight: 400;\">Aquesta manera de treballar ens agrada molt, ja que fomenta la cooperaci\u00f3, l\u2019atenci\u00f3, la conviv\u00e8ncia, l\u2019autonomia i la interacci\u00f3 entre iguals per millorar l\u2019aprenentatge.<\/span><\/p>\n<p style=\"text-align: justify;\"><span style=\"font-weight: 400;\">Moltes gr\u00e0cies a totes les fam\u00edlies!\u00a0<\/span><\/p>\n<p><strong>I3: Cavalls i eugues\u00a0<\/strong><\/p>\n<p><a href=\"https:\/\/photos.app.goo.gl\/Qc9anHUamqH9Azqv8\" target=\"_blank\" rel=\"noopener\"><img loading=\"lazy\" decoding=\"async\" class=\"alignnone wp-image-23612\" src=\"https:\/\/agora.xtec.cat\/escola-bernatmetgeelprat\/wp-content\/uploads\/usu186\/2023\/03\/CAVALL.jpg\" alt=\"\" width=\"303\" height=\"170\" srcset=\"https:\/\/agora.xtec.cat\/escola-bernatmetgeelprat\/wp-content\/uploads\/usu186\/2023\/03\/CAVALL.jpg 655w, https:\/\/agora.xtec.cat\/escola-bernatmetgeelprat\/wp-content\/uploads\/usu186\/2023\/03\/CAVALL-300x169.jpg 300w\" sizes=\"auto, (max-width: 303px) 100vw, 303px\" \/><\/a><\/p>\n<p><strong> I4: Dofins\u00a0 \u00a0<\/strong><\/p>\n<p><a href=\"https:\/\/photos.app.goo.gl\/DwLki3h2FykZacZu9\" target=\"_blank\" rel=\"noopener\"><img loading=\"lazy\" decoding=\"async\" class=\"alignnone wp-image-23613\" src=\"https:\/\/agora.xtec.cat\/escola-bernatmetgeelprat\/wp-content\/uploads\/usu186\/2023\/03\/DOFI-1024x1024.png\" alt=\"\" width=\"170\" height=\"170\" srcset=\"https:\/\/agora.xtec.cat\/escola-bernatmetgeelprat\/wp-content\/uploads\/usu186\/2023\/03\/DOFI-1024x1024.png 1024w, https:\/\/agora.xtec.cat\/escola-bernatmetgeelprat\/wp-content\/uploads\/usu186\/2023\/03\/DOFI-300x300.png 300w, https:\/\/agora.xtec.cat\/escola-bernatmetgeelprat\/wp-content\/uploads\/usu186\/2023\/03\/DOFI-150x150.png 150w, https:\/\/agora.xtec.cat\/escola-bernatmetgeelprat\/wp-content\/uploads\/usu186\/2023\/03\/DOFI-768x768.png 768w, https:\/\/agora.xtec.cat\/escola-bernatmetgeelprat\/wp-content\/uploads\/usu186\/2023\/03\/DOFI.png 1080w\" sizes=\"auto, (max-width: 170px) 100vw, 170px\" \/><\/a><\/p>\n<p><strong>I5: Unicorns<\/strong><\/p>\n<p><a href=\"https:\/\/photos.app.goo.gl\/nVfsVsKiNUchmMA69\" target=\"_blank\" rel=\"noopener\"><img loading=\"lazy\" decoding=\"async\" class=\"alignnone wp-image-23615\" src=\"https:\/\/agora.xtec.cat\/escola-bernatmetgeelprat\/wp-content\/uploads\/usu186\/2023\/03\/unicornio-1.jpg\" alt=\"\" width=\"174\" height=\"174\" srcset=\"https:\/\/agora.xtec.cat\/escola-bernatmetgeelprat\/wp-content\/uploads\/usu186\/2023\/03\/unicornio-1.jpg 400w, https:\/\/agora.xtec.cat\/escola-bernatmetgeelprat\/wp-content\/uploads\/usu186\/2023\/03\/unicornio-1-300x300.jpg 300w, https:\/\/agora.xtec.cat\/escola-bernatmetgeelprat\/wp-content\/uploads\/usu186\/2023\/03\/unicornio-1-150x150.jpg 150w\" sizes=\"auto, (max-width: 174px) 100vw, 174px\" \/><\/a><\/p>\n<p>&nbsp;<\/p>\n<p>Clicant a la imatge de cada classe podreu accedir als \u00e0lbums de fotografies.<\/p>\n<p style=\"text-align: justify;\">(Av\u00eds: La publicaci\u00f3 d\u2019imatges de l\u2019alumnat de l\u2019escola correspon \u00fanicament a la pr\u00f2pia escola. Per tant, \u00e9s prohibida la difusi\u00f3 o manipulaci\u00f3 en d\u2019altres espais p\u00fablics. Llei org\u00e0nica 1\/1982 de 5 de maig sobre el dret a l\u2019honor, a la pr\u00f2pia intimitat i la pr\u00f2pia imatge.)<\/p>\n<p><a href=\"https:\/\/agora.xtec.cat\/escola-bernatmetgeelprat\/wp-content\/uploads\/usu186\/2022\/07\/proa.png\"><img loading=\"lazy\" decoding=\"async\" class=\"aligncenter size-full wp-image-22969\" src=\"https:\/\/agora.xtec.cat\/escola-bernatmetgeelprat\/wp-content\/uploads\/usu186\/2022\/07\/proa.png\" alt=\"\" width=\"1031\" height=\"108\" srcset=\"https:\/\/agora.xtec.cat\/escola-bernatmetgeelprat\/wp-content\/uploads\/usu186\/2022\/07\/proa.png 1031w, https:\/\/agora.xtec.cat\/escola-bernatmetgeelprat\/wp-content\/uploads\/usu186\/2022\/07\/proa-300x31.png 300w, https:\/\/agora.xtec.cat\/escola-bernatmetgeelprat\/wp-content\/uploads\/usu186\/2022\/07\/proa-1024x107.png 1024w, https:\/\/agora.xtec.cat\/escola-bernatmetgeelprat\/wp-content\/uploads\/usu186\/2022\/07\/proa-768x80.png 768w\" sizes=\"auto, (max-width: 1031px) 100vw, 1031px\" \/><\/a><\/p>\n","protected":false},"excerpt":{"rendered":"<p>Els nens i nenes d\u2019educaci\u00f3 infantil tamb\u00e9 fan grups interactius durant la setmana!!<br \/>\nQu\u00e8 s\u00f3n els grups interactius?<br \/>\nS\u00f3n activitats d\u2019aula que es realitzen amb un format i amb una actuaci\u00f3 per part de l\u2019adult d&#8217;una manera especial. A l\u2019escola Bernat Metge ens organitzem per equips de&hellip;  <a href=\"https:\/\/agora.xtec.cat\/escola-bernatmetgeelprat\/general\/fem-grups-interactius\/\" title=\"Read Fem grups interactius!\">Llegeix m\u00e9s\u00bb<\/a><\/p>\n","protected":false},"author":1,"featured_media":0,"comment_status":"open","ping_status":"closed","sticky":false,"template":"","format":"standard","meta":{"_bbp_topic_count":0,"_bbp_reply_count":0,"_bbp_total_topic_count":0,"_bbp_total_reply_count":0,"_bbp_voice_count":0,"_bbp_anonymous_reply_count":0,"_bbp_topic_count_hidden":0,"_bbp_reply_count_hidden":0,"_bbp_forum_subforum_count":0,"footnotes":""},"categories":[1,65,3,8,9,2,77,4,115],"tags":[],"class_list":["post-23610","post","type-post","status-publish","format-standard","hentry","category-general","category-grups-interactius","category-i3","category-i4","category-i5","category-infantil","category-participacio-families","category-portada","category-proa"],"post_mailing_queue_ids":[],"_links":{"self":[{"href":"https:\/\/agora.xtec.cat\/escola-bernatmetgeelprat\/wp-json\/wp\/v2\/posts\/23610","targetHints":{"allow":["GET"]}}],"collection":[{"href":"https:\/\/agora.xtec.cat\/escola-bernatmetgeelprat\/wp-json\/wp\/v2\/posts"}],"about":[{"href":"https:\/\/agora.xtec.cat\/escola-bernatmetgeelprat\/wp-json\/wp\/v2\/types\/post"}],"author":[{"embeddable":true,"href":"https:\/\/agora.xtec.cat\/escola-bernatmetgeelprat\/wp-json\/wp\/v2\/users\/1"}],"replies":[{"embeddable":true,"href":"https:\/\/agora.xtec.cat\/escola-bernatmetgeelprat\/wp-json\/wp\/v2\/comments?post=23610"}],"version-history":[{"count":4,"href":"https:\/\/agora.xtec.cat\/escola-bernatmetgeelprat\/wp-json\/wp\/v2\/posts\/23610\/revisions"}],"predecessor-version":[{"id":23733,"href":"https:\/\/agora.xtec.cat\/escola-bernatmetgeelprat\/wp-json\/wp\/v2\/posts\/23610\/revisions\/23733"}],"wp:attachment":[{"href":"https:\/\/agora.xtec.cat\/escola-bernatmetgeelprat\/wp-json\/wp\/v2\/media?parent=23610"}],"wp:term":[{"taxonomy":"category","embeddable":true,"href":"https:\/\/agora.xtec.cat\/escola-bernatmetgeelprat\/wp-json\/wp\/v2\/categories?post=23610"},{"taxonomy":"post_tag","embeddable":true,"href":"https:\/\/agora.xtec.cat\/escola-bernatmetgeelprat\/wp-json\/wp\/v2\/tags?post=23610"}],"curies":[{"name":"wp","href":"https:\/\/api.w.org\/{rel}","templated":true}]}}