{"id":23484,"date":"2023-02-14T10:05:00","date_gmt":"2023-02-14T09:05:00","guid":{"rendered":"https:\/\/agora.xtec.cat\/escola-bernatmetgeelprat\/?p=23484"},"modified":"2023-02-14T10:06:28","modified_gmt":"2023-02-14T09:06:28","slug":"visita-ribera-baixa-alumnes-6e","status":"publish","type":"post","link":"https:\/\/agora.xtec.cat\/escola-bernatmetgeelprat\/general\/visita-ribera-baixa-alumnes-6e\/","title":{"rendered":"Visita Ribera Baixa alumnes 6\u00e8"},"content":{"rendered":"<p style=\"text-align: justify;\">El dijous 9 de febrer els alumnes de 6\u00e8 van visitar l&#8217;Institut Ribera Baixa que \u00e9s un dels nostres centres de Secund\u00e0ria adscrits.<\/p>\n<p style=\"text-align: justify;\">El alumnes van poder visitar tots els espais de l&#8217;institut i entrar a diferents aules per veure com treballavem.<\/p>\n<p style=\"text-align: justify;\">Moltes gr\u00e0cies per permetre que els alumnes de 6\u00e8 coneguin un dels instituts als que podran anar el proper curs.<\/p>\n<p><a href=\"https:\/\/photos.app.goo.gl\/88j1SF8cKTTrDVQA8\" target=\"_blank\" rel=\"noopener\"><img loading=\"lazy\" decoding=\"async\" class=\"aligncenter size-full wp-image-23485\" src=\"https:\/\/agora.xtec.cat\/escola-bernatmetgeelprat\/wp-content\/uploads\/usu186\/2023\/02\/IMG-20230214-WA0015.jpg\" alt=\"\" width=\"2016\" height=\"1508\" srcset=\"https:\/\/agora.xtec.cat\/escola-bernatmetgeelprat\/wp-content\/uploads\/usu186\/2023\/02\/IMG-20230214-WA0015.jpg 2016w, https:\/\/agora.xtec.cat\/escola-bernatmetgeelprat\/wp-content\/uploads\/usu186\/2023\/02\/IMG-20230214-WA0015-300x224.jpg 300w, https:\/\/agora.xtec.cat\/escola-bernatmetgeelprat\/wp-content\/uploads\/usu186\/2023\/02\/IMG-20230214-WA0015-1024x766.jpg 1024w, https:\/\/agora.xtec.cat\/escola-bernatmetgeelprat\/wp-content\/uploads\/usu186\/2023\/02\/IMG-20230214-WA0015-768x574.jpg 768w, https:\/\/agora.xtec.cat\/escola-bernatmetgeelprat\/wp-content\/uploads\/usu186\/2023\/02\/IMG-20230214-WA0015-1536x1149.jpg 1536w, https:\/\/agora.xtec.cat\/escola-bernatmetgeelprat\/wp-content\/uploads\/usu186\/2023\/02\/IMG-20230214-WA0015-200x150.jpg 200w\" sizes=\"auto, (max-width: 2016px) 100vw, 2016px\" \/><\/a><\/p>\n<p style=\"text-align: justify;\">Clicant a la imatge podreu accedir a l\u2019\u00e0lbum de fotografies.<\/p>\n<div>\n<p style=\"text-align: justify;\">(Av\u00eds: La publicaci\u00f3 d\u2019imatges de l\u2019alumnat de l\u2019escola correspon \u00fanicament a la pr\u00f2pia escola. Per tant, \u00e9s prohibida la difusi\u00f3 o manipulaci\u00f3 en d\u2019altres espais p\u00fablics. Llei org\u00e0nica 1\/1982 de 5 de maig sobre el dret a l\u2019honor, a la pr\u00f2pia intimitat i la pr\u00f2pia imatge.)<\/p>\n<\/div>\n","protected":false},"excerpt":{"rendered":"<p>El dijous 9 de febrer els alumnes de 6\u00e8 van visitar l&#8217;Institut Ribera Baixa que \u00e9s un dels nostres centres de Secund\u00e0ria adscrits.<br \/>\nEl alumnes van poder visitar tots els espais de l&#8217;institut i entrar a diferents aules per veure com treballavem.<br \/>\nMoltes gr\u00e0cies per permetre que&hellip;  <a href=\"https:\/\/agora.xtec.cat\/escola-bernatmetgeelprat\/general\/visita-ribera-baixa-alumnes-6e\/\" title=\"Read Visita Ribera Baixa alumnes 6\u00e8\">Llegeix m\u00e9s\u00bb<\/a><\/p>\n","protected":false},"author":1,"featured_media":0,"comment_status":"open","ping_status":"closed","sticky":false,"template":"","format":"standard","meta":{"_bbp_topic_count":0,"_bbp_reply_count":0,"_bbp_total_topic_count":0,"_bbp_total_reply_count":0,"_bbp_voice_count":0,"_bbp_anonymous_reply_count":0,"_bbp_topic_count_hidden":0,"_bbp_reply_count_hidden":0,"_bbp_forum_subforum_count":0,"footnotes":""},"categories":[15,27,1,4,5],"tags":[],"class_list":["post-23484","post","type-post","status-publish","format-standard","hentry","category-6e","category-cicle-superior","category-general","category-portada","category-primaria"],"post_mailing_queue_ids":[],"_links":{"self":[{"href":"https:\/\/agora.xtec.cat\/escola-bernatmetgeelprat\/wp-json\/wp\/v2\/posts\/23484","targetHints":{"allow":["GET"]}}],"collection":[{"href":"https:\/\/agora.xtec.cat\/escola-bernatmetgeelprat\/wp-json\/wp\/v2\/posts"}],"about":[{"href":"https:\/\/agora.xtec.cat\/escola-bernatmetgeelprat\/wp-json\/wp\/v2\/types\/post"}],"author":[{"embeddable":true,"href":"https:\/\/agora.xtec.cat\/escola-bernatmetgeelprat\/wp-json\/wp\/v2\/users\/1"}],"replies":[{"embeddable":true,"href":"https:\/\/agora.xtec.cat\/escola-bernatmetgeelprat\/wp-json\/wp\/v2\/comments?post=23484"}],"version-history":[{"count":2,"href":"https:\/\/agora.xtec.cat\/escola-bernatmetgeelprat\/wp-json\/wp\/v2\/posts\/23484\/revisions"}],"predecessor-version":[{"id":23487,"href":"https:\/\/agora.xtec.cat\/escola-bernatmetgeelprat\/wp-json\/wp\/v2\/posts\/23484\/revisions\/23487"}],"wp:attachment":[{"href":"https:\/\/agora.xtec.cat\/escola-bernatmetgeelprat\/wp-json\/wp\/v2\/media?parent=23484"}],"wp:term":[{"taxonomy":"category","embeddable":true,"href":"https:\/\/agora.xtec.cat\/escola-bernatmetgeelprat\/wp-json\/wp\/v2\/categories?post=23484"},{"taxonomy":"post_tag","embeddable":true,"href":"https:\/\/agora.xtec.cat\/escola-bernatmetgeelprat\/wp-json\/wp\/v2\/tags?post=23484"}],"curies":[{"name":"wp","href":"https:\/\/api.w.org\/{rel}","templated":true}]}}