{"id":23412,"date":"2023-02-01T15:54:16","date_gmt":"2023-02-01T14:54:16","guid":{"rendered":"https:\/\/agora.xtec.cat\/escola-bernatmetgeelprat\/?p=23412"},"modified":"2023-02-01T15:57:08","modified_gmt":"2023-02-01T14:57:08","slug":"tallers-dexpressio-oral-en-angles-a-cicle-mitja","status":"publish","type":"post","link":"https:\/\/agora.xtec.cat\/escola-bernatmetgeelprat\/general\/tallers-dexpressio-oral-en-angles-a-cicle-mitja\/","title":{"rendered":"Tallers d&#8217;expressi\u00f3 oral en angl\u00e8s a Cicle Mitj\u00e0"},"content":{"rendered":"<p style=\"text-align: justify;\">Durant aquest trimestre una de les activitats realitzades al taller d&#8217;expressi\u00f3 oral en angl\u00e8s ha estat la de donar vida a personatges i obres de la hist\u00f2ria de l&#8217;art, des d&#8217;artistes, quadres i escultures, a tots ells i elles\u00a0 se&#8217;ls ha fet una mateixa pregunta: <b>What do you like to do in your free time?<\/b><\/p>\n<p style=\"text-align: justify;\">A continuaci\u00f3 teniu un v\u00eddeo on podreu veure i escoltar les respostes d&#8217;aquests convidats tan\u00a0especials!<\/p>\n<p style=\"text-align: justify;\">Esperem que us agradi!<\/p>\n<div><a href=\"https:\/\/photos.app.goo.gl\/Gj1k5n2gYDi1C5iVA\"><img loading=\"lazy\" decoding=\"async\" class=\"alignnone size-large wp-image-23413\" src=\"https:\/\/agora.xtec.cat\/escola-bernatmetgeelprat\/wp-content\/uploads\/usu186\/2023\/02\/What-do-you-like-to-do-in-your-free-time-1024x576.jpg\" alt=\"\" width=\"1024\" height=\"576\" srcset=\"https:\/\/agora.xtec.cat\/escola-bernatmetgeelprat\/wp-content\/uploads\/usu186\/2023\/02\/What-do-you-like-to-do-in-your-free-time-1024x576.jpg 1024w, https:\/\/agora.xtec.cat\/escola-bernatmetgeelprat\/wp-content\/uploads\/usu186\/2023\/02\/What-do-you-like-to-do-in-your-free-time-300x169.jpg 300w, https:\/\/agora.xtec.cat\/escola-bernatmetgeelprat\/wp-content\/uploads\/usu186\/2023\/02\/What-do-you-like-to-do-in-your-free-time-768x432.jpg 768w, https:\/\/agora.xtec.cat\/escola-bernatmetgeelprat\/wp-content\/uploads\/usu186\/2023\/02\/What-do-you-like-to-do-in-your-free-time-1536x864.jpg 1536w, https:\/\/agora.xtec.cat\/escola-bernatmetgeelprat\/wp-content\/uploads\/usu186\/2023\/02\/What-do-you-like-to-do-in-your-free-time.jpg 1920w\" sizes=\"auto, (max-width: 1024px) 100vw, 1024px\" \/><\/a><\/div>\n<div><\/div>\n<p>Clicant a la imatge podreu accedir al v\u00eddeo.<\/p>\n<div><\/div>\n","protected":false},"excerpt":{"rendered":"<p>Durant aquest trimestre una de les activitats realitzades al taller d&#8217;expressi\u00f3 oral en angl\u00e8s ha estat la de donar vida a personatges i obres de la hist\u00f2ria de l&#8217;art, des d&#8217;artistes, quadres i escultures, a tots ells i elles\u00a0 se&#8217;ls ha fet una mateixa pregunta:&hellip;  <a href=\"https:\/\/agora.xtec.cat\/escola-bernatmetgeelprat\/general\/tallers-dexpressio-oral-en-angles-a-cicle-mitja\/\" title=\"Read Tallers d&#8217;expressi\u00f3 oral en angl\u00e8s a Cicle Mitj\u00e0\">Llegeix m\u00e9s\u00bb<\/a><\/p>\n","protected":false},"author":63,"featured_media":23413,"comment_status":"open","ping_status":"closed","sticky":false,"template":"","format":"standard","meta":{"_bbp_topic_count":0,"_bbp_reply_count":0,"_bbp_total_topic_count":0,"_bbp_total_reply_count":0,"_bbp_voice_count":0,"_bbp_anonymous_reply_count":0,"_bbp_topic_count_hidden":0,"_bbp_reply_count_hidden":0,"_bbp_forum_subforum_count":0,"footnotes":""},"categories":[12,13,26,62,1,4,5],"tags":[],"class_list":["post-23412","post","type-post","status-publish","format-standard","has-post-thumbnail","hentry","category-3r","category-4t","category-cicle-mitja","category-escola-plurilingue-gep","category-general","category-portada","category-primaria"],"post_mailing_queue_ids":[],"_links":{"self":[{"href":"https:\/\/agora.xtec.cat\/escola-bernatmetgeelprat\/wp-json\/wp\/v2\/posts\/23412","targetHints":{"allow":["GET"]}}],"collection":[{"href":"https:\/\/agora.xtec.cat\/escola-bernatmetgeelprat\/wp-json\/wp\/v2\/posts"}],"about":[{"href":"https:\/\/agora.xtec.cat\/escola-bernatmetgeelprat\/wp-json\/wp\/v2\/types\/post"}],"author":[{"embeddable":true,"href":"https:\/\/agora.xtec.cat\/escola-bernatmetgeelprat\/wp-json\/wp\/v2\/users\/63"}],"replies":[{"embeddable":true,"href":"https:\/\/agora.xtec.cat\/escola-bernatmetgeelprat\/wp-json\/wp\/v2\/comments?post=23412"}],"version-history":[{"count":3,"href":"https:\/\/agora.xtec.cat\/escola-bernatmetgeelprat\/wp-json\/wp\/v2\/posts\/23412\/revisions"}],"predecessor-version":[{"id":23420,"href":"https:\/\/agora.xtec.cat\/escola-bernatmetgeelprat\/wp-json\/wp\/v2\/posts\/23412\/revisions\/23420"}],"wp:featuredmedia":[{"embeddable":true,"href":"https:\/\/agora.xtec.cat\/escola-bernatmetgeelprat\/wp-json\/wp\/v2\/media\/23413"}],"wp:attachment":[{"href":"https:\/\/agora.xtec.cat\/escola-bernatmetgeelprat\/wp-json\/wp\/v2\/media?parent=23412"}],"wp:term":[{"taxonomy":"category","embeddable":true,"href":"https:\/\/agora.xtec.cat\/escola-bernatmetgeelprat\/wp-json\/wp\/v2\/categories?post=23412"},{"taxonomy":"post_tag","embeddable":true,"href":"https:\/\/agora.xtec.cat\/escola-bernatmetgeelprat\/wp-json\/wp\/v2\/tags?post=23412"}],"curies":[{"name":"wp","href":"https:\/\/api.w.org\/{rel}","templated":true}]}}