{"id":23359,"date":"2023-01-24T17:32:49","date_gmt":"2023-01-24T16:32:49","guid":{"rendered":"https:\/\/agora.xtec.cat\/escola-bernatmetgeelprat\/?p=23359"},"modified":"2023-05-17T12:04:03","modified_gmt":"2023-05-17T10:04:03","slug":"representacio-teatral-5e-la-nena-dels-pardals","status":"publish","type":"post","link":"https:\/\/agora.xtec.cat\/escola-bernatmetgeelprat\/portada\/representacio-teatral-5e-la-nena-dels-pardals\/","title":{"rendered":"Representaci\u00f3 teatral 5\u00e8 &#8220;La nena dels pardals&#8221;"},"content":{"rendered":"<p style=\"text-align: justify;\">L&#8217;alumnat de cinqu\u00e8 va tancar el primer trimestre amb una petita obra de teatre davant d&#8217;un p\u00fablic meravell\u00f3s: l&#8217;alumnat de p5, 1r i 2n.<\/p>\n<p style=\"text-align: justify;\">Amb l&#8217;obra &#8220;La nena dels pardals&#8221; els alumnes de 5\u00e8 han pogut posar fi a un projecte de medi natural sobre l&#8217;impacte mediambiental en les aus migrat\u00f2ries.<\/p>\n<p style=\"text-align: justify;\">Us deixem el v\u00eddeo que recull aquesta representaci\u00f3 que l&#8217;alumnat ha portat a terme amb molta il\u00b7lusi\u00f3.<\/p>\n<p><a href=\"https:\/\/youtu.be\/cENpzdPCDXs\" target=\"_blank\" rel=\"noopener\"><img loading=\"lazy\" decoding=\"async\" class=\"alignnone size-large wp-image-23361\" src=\"https:\/\/agora.xtec.cat\/escola-bernatmetgeelprat\/wp-content\/uploads\/usu186\/2023\/01\/WhatsApp-Image-2023-01-14-at-10.31.27-1024x766.jpeg\" alt=\"\" width=\"1024\" height=\"766\" srcset=\"https:\/\/agora.xtec.cat\/escola-bernatmetgeelprat\/wp-content\/uploads\/usu186\/2023\/01\/WhatsApp-Image-2023-01-14-at-10.31.27-1024x766.jpeg 1024w, https:\/\/agora.xtec.cat\/escola-bernatmetgeelprat\/wp-content\/uploads\/usu186\/2023\/01\/WhatsApp-Image-2023-01-14-at-10.31.27-300x224.jpeg 300w, https:\/\/agora.xtec.cat\/escola-bernatmetgeelprat\/wp-content\/uploads\/usu186\/2023\/01\/WhatsApp-Image-2023-01-14-at-10.31.27-768x575.jpeg 768w, https:\/\/agora.xtec.cat\/escola-bernatmetgeelprat\/wp-content\/uploads\/usu186\/2023\/01\/WhatsApp-Image-2023-01-14-at-10.31.27-1536x1149.jpeg 1536w, https:\/\/agora.xtec.cat\/escola-bernatmetgeelprat\/wp-content\/uploads\/usu186\/2023\/01\/WhatsApp-Image-2023-01-14-at-10.31.27-200x150.jpeg 200w, https:\/\/agora.xtec.cat\/escola-bernatmetgeelprat\/wp-content\/uploads\/usu186\/2023\/01\/WhatsApp-Image-2023-01-14-at-10.31.27.jpeg 2048w\" sizes=\"auto, (max-width: 1024px) 100vw, 1024px\" \/><\/a><\/p>\n","protected":false},"excerpt":{"rendered":"<p>L&#8217;alumnat de cinqu\u00e8 va tancar el primer trimestre amb una petita obra de teatre davant d&#8217;un p\u00fablic meravell\u00f3s: l&#8217;alumnat de p5, 1r i 2n.<br \/>\nAmb l&#8217;obra &#8220;La nena dels pardals&#8221; els alumnes de 5\u00e8 han pogut posar fi a un projecte de medi natural sobre l&#8217;impacte&hellip;  <a href=\"https:\/\/agora.xtec.cat\/escola-bernatmetgeelprat\/portada\/representacio-teatral-5e-la-nena-dels-pardals\/\" title=\"Read Representaci\u00f3 teatral 5\u00e8 &#8220;La nena dels pardals&#8221;\">Llegeix m\u00e9s\u00bb<\/a><\/p>\n","protected":false},"author":35,"featured_media":23390,"comment_status":"open","ping_status":"closed","sticky":false,"template":"","format":"standard","meta":{"_bbp_topic_count":0,"_bbp_reply_count":0,"_bbp_total_topic_count":0,"_bbp_total_reply_count":0,"_bbp_voice_count":0,"_bbp_anonymous_reply_count":0,"_bbp_topic_count_hidden":0,"_bbp_reply_count_hidden":0,"_bbp_forum_subforum_count":0,"footnotes":""},"categories":[107,14,27,113,4,74],"tags":[],"class_list":["post-23359","post","type-post","status-publish","format-standard","has-post-thumbnail","hentry","category-projectes-steam","category-5e","category-cicle-superior","category-llengua-oral","category-portada","category-treball-per-projectes"],"post_mailing_queue_ids":[],"_links":{"self":[{"href":"https:\/\/agora.xtec.cat\/escola-bernatmetgeelprat\/wp-json\/wp\/v2\/posts\/23359","targetHints":{"allow":["GET"]}}],"collection":[{"href":"https:\/\/agora.xtec.cat\/escola-bernatmetgeelprat\/wp-json\/wp\/v2\/posts"}],"about":[{"href":"https:\/\/agora.xtec.cat\/escola-bernatmetgeelprat\/wp-json\/wp\/v2\/types\/post"}],"author":[{"embeddable":true,"href":"https:\/\/agora.xtec.cat\/escola-bernatmetgeelprat\/wp-json\/wp\/v2\/users\/35"}],"replies":[{"embeddable":true,"href":"https:\/\/agora.xtec.cat\/escola-bernatmetgeelprat\/wp-json\/wp\/v2\/comments?post=23359"}],"version-history":[{"count":3,"href":"https:\/\/agora.xtec.cat\/escola-bernatmetgeelprat\/wp-json\/wp\/v2\/posts\/23359\/revisions"}],"predecessor-version":[{"id":23392,"href":"https:\/\/agora.xtec.cat\/escola-bernatmetgeelprat\/wp-json\/wp\/v2\/posts\/23359\/revisions\/23392"}],"wp:featuredmedia":[{"embeddable":true,"href":"https:\/\/agora.xtec.cat\/escola-bernatmetgeelprat\/wp-json\/wp\/v2\/media\/23390"}],"wp:attachment":[{"href":"https:\/\/agora.xtec.cat\/escola-bernatmetgeelprat\/wp-json\/wp\/v2\/media?parent=23359"}],"wp:term":[{"taxonomy":"category","embeddable":true,"href":"https:\/\/agora.xtec.cat\/escola-bernatmetgeelprat\/wp-json\/wp\/v2\/categories?post=23359"},{"taxonomy":"post_tag","embeddable":true,"href":"https:\/\/agora.xtec.cat\/escola-bernatmetgeelprat\/wp-json\/wp\/v2\/tags?post=23359"}],"curies":[{"name":"wp","href":"https:\/\/api.w.org\/{rel}","templated":true}]}}