{"id":23261,"date":"2022-12-07T13:30:30","date_gmt":"2022-12-07T12:30:30","guid":{"rendered":"https:\/\/agora.xtec.cat\/escola-bernatmetgeelprat\/?p=23261"},"modified":"2022-12-07T13:31:36","modified_gmt":"2022-12-07T12:31:36","slug":"claustres-pedagogics-projecte-erasmus","status":"publish","type":"post","link":"https:\/\/agora.xtec.cat\/escola-bernatmetgeelprat\/portada\/claustres-pedagogics-projecte-erasmus\/","title":{"rendered":"Claustres pedag\u00f2gics projecte Erasmus+"},"content":{"rendered":"<p style=\"text-align: justify;\">Com ja sabeu la nostra escola est\u00e0 realitzant un projecte Erasmus+ KA1 de mobilitat de professorat titulat &#8220;Technology that helps everyone to learn&#8221;.<\/p>\n<p style=\"text-align: justify;\">Dins d&#8217;aquest projecte hem realitzat dues visites a les escoles Dusan Jerkovic de S\u00e8rbia i a l&#8217;escola Nidarvoll Skole de Noruega. Com estava previst dins del projecte els i les mestres que van realitzar aquestes mobilitats han fet transfer\u00e8ncia a tot el claustre dels aprenentatges realitzats.<\/p>\n<p style=\"text-align: justify;\">Aix\u00ed tots els docents de la nostra escola han pogut con\u00e8ixer aspectes fonamentals d&#8217;aquestes escoles com:<\/p>\n<ul style=\"text-align: justify;\">\n<li>Caracter\u00edstiques dels sistema educatiu de cadascun dels pa\u00efsos que van visitar.<\/li>\n<li>Formes d&#8217;organitzar-se com a centre (agrupacions d&#8217;alumnes, horaris, etc.).<\/li>\n<li>Diferents formes de treballar amb els alumnes.<\/li>\n<li>\u00das de les tecnologies que fan a cadascuna de les escoles.<\/li>\n<li>Altres aspectes importants.<\/li>\n<\/ul>\n<p style=\"text-align: justify;\">Segur que tots aquests aprenentatges ens serviran per seguir millorant la nostra pr\u00e0ctica educativa com a centre.<\/p>\n<p><a href=\"https:\/\/agora.xtec.cat\/escola-bernatmetgeelprat\/wp-content\/uploads\/usu186\/2022\/12\/noruega-2.png\"><img loading=\"lazy\" decoding=\"async\" class=\"aligncenter size-full wp-image-23262\" src=\"https:\/\/agora.xtec.cat\/escola-bernatmetgeelprat\/wp-content\/uploads\/usu186\/2022\/12\/noruega-2.png\" alt=\"\" width=\"773\" height=\"742\" srcset=\"https:\/\/agora.xtec.cat\/escola-bernatmetgeelprat\/wp-content\/uploads\/usu186\/2022\/12\/noruega-2.png 773w, https:\/\/agora.xtec.cat\/escola-bernatmetgeelprat\/wp-content\/uploads\/usu186\/2022\/12\/noruega-2-300x288.png 300w, https:\/\/agora.xtec.cat\/escola-bernatmetgeelprat\/wp-content\/uploads\/usu186\/2022\/12\/noruega-2-768x737.png 768w\" sizes=\"auto, (max-width: 773px) 100vw, 773px\" \/><\/a><\/p>\n<p><a href=\"https:\/\/agora.xtec.cat\/escola-bernatmetgeelprat\/wp-content\/uploads\/usu186\/2022\/12\/WhatsApp-Image-2022-11-30-at-18.50.56.jpeg\"><img loading=\"lazy\" decoding=\"async\" class=\"aligncenter size-full wp-image-23264\" src=\"https:\/\/agora.xtec.cat\/escola-bernatmetgeelprat\/wp-content\/uploads\/usu186\/2022\/12\/WhatsApp-Image-2022-11-30-at-18.50.56.jpeg\" alt=\"\" width=\"1600\" height=\"1200\" srcset=\"https:\/\/agora.xtec.cat\/escola-bernatmetgeelprat\/wp-content\/uploads\/usu186\/2022\/12\/WhatsApp-Image-2022-11-30-at-18.50.56.jpeg 1600w, https:\/\/agora.xtec.cat\/escola-bernatmetgeelprat\/wp-content\/uploads\/usu186\/2022\/12\/WhatsApp-Image-2022-11-30-at-18.50.56-300x225.jpeg 300w, https:\/\/agora.xtec.cat\/escola-bernatmetgeelprat\/wp-content\/uploads\/usu186\/2022\/12\/WhatsApp-Image-2022-11-30-at-18.50.56-1024x768.jpeg 1024w, https:\/\/agora.xtec.cat\/escola-bernatmetgeelprat\/wp-content\/uploads\/usu186\/2022\/12\/WhatsApp-Image-2022-11-30-at-18.50.56-768x576.jpeg 768w, https:\/\/agora.xtec.cat\/escola-bernatmetgeelprat\/wp-content\/uploads\/usu186\/2022\/12\/WhatsApp-Image-2022-11-30-at-18.50.56-1536x1152.jpeg 1536w, https:\/\/agora.xtec.cat\/escola-bernatmetgeelprat\/wp-content\/uploads\/usu186\/2022\/12\/WhatsApp-Image-2022-11-30-at-18.50.56-200x150.jpeg 200w\" sizes=\"auto, (max-width: 1600px) 100vw, 1600px\" \/><\/a><\/p>\n<p style=\"text-align: justify;\">El proyecto \u201cTechnology that helps everyone to learn\u201d est\u00e1 cofinanciado por el programa Erasmus+ de la Uni\u00f3n Europea. El contenido de esta publicaci\u00f3n es responsabilidad exclusiva de la Escuela Bernat Metge y ni la Comisi\u00f3n Europea, ni el Servicio Espa\u00f1ol para la Internacionalizaci\u00f3n de la Educaci\u00f3n (SEPIE) son responsables del uso que pueda hacerse de la informaci\u00f3n aqu\u00ed difundida.<a href=\"https:\/\/agora.xtec.cat\/escola-bernatmetgeelprat\/wp-content\/uploads\/usu186\/2022\/11\/es_cofinanciado_por_la_union_europea_pos.png\"><img loading=\"lazy\" decoding=\"async\" class=\"aligncenter size-full wp-image-23230\" src=\"https:\/\/agora.xtec.cat\/escola-bernatmetgeelprat\/wp-content\/uploads\/usu186\/2022\/11\/es_cofinanciado_por_la_union_europea_pos.png\" alt=\"\" width=\"8493\" height=\"1780\" srcset=\"https:\/\/agora.xtec.cat\/escola-bernatmetgeelprat\/wp-content\/uploads\/usu186\/2022\/11\/es_cofinanciado_por_la_union_europea_pos.png 8493w, https:\/\/agora.xtec.cat\/escola-bernatmetgeelprat\/wp-content\/uploads\/usu186\/2022\/11\/es_cofinanciado_por_la_union_europea_pos-300x63.png 300w, https:\/\/agora.xtec.cat\/escola-bernatmetgeelprat\/wp-content\/uploads\/usu186\/2022\/11\/es_cofinanciado_por_la_union_europea_pos-1024x215.png 1024w, https:\/\/agora.xtec.cat\/escola-bernatmetgeelprat\/wp-content\/uploads\/usu186\/2022\/11\/es_cofinanciado_por_la_union_europea_pos-768x161.png 768w, https:\/\/agora.xtec.cat\/escola-bernatmetgeelprat\/wp-content\/uploads\/usu186\/2022\/11\/es_cofinanciado_por_la_union_europea_pos-1536x322.png 1536w, https:\/\/agora.xtec.cat\/escola-bernatmetgeelprat\/wp-content\/uploads\/usu186\/2022\/11\/es_cofinanciado_por_la_union_europea_pos-2048x429.png 2048w\" sizes=\"auto, (max-width: 8493px) 100vw, 8493px\" \/><\/a><\/p>\n","protected":false},"excerpt":{"rendered":"<p>Com ja sabeu la nostra escola est\u00e0 realitzant un projecte Erasmus+ KA1 de mobilitat de professorat titulat &#8220;Technology that helps everyone to learn&#8221;.<br \/>\nDins d&#8217;aquest projecte hem realitzat dues visites a les escoles Dusan Jerkovic de S\u00e8rbia i a l&#8217;escola Nidarvoll Skole de Noruega. Com estava&hellip;  <a href=\"https:\/\/agora.xtec.cat\/escola-bernatmetgeelprat\/portada\/claustres-pedagogics-projecte-erasmus\/\" title=\"Read Claustres pedag\u00f2gics projecte Erasmus+\">Llegeix m\u00e9s\u00bb<\/a><\/p>\n","protected":false},"author":1,"featured_media":0,"comment_status":"open","ping_status":"closed","sticky":false,"template":"","format":"standard","meta":{"_bbp_topic_count":0,"_bbp_reply_count":0,"_bbp_total_topic_count":0,"_bbp_total_reply_count":0,"_bbp_voice_count":0,"_bbp_anonymous_reply_count":0,"_bbp_topic_count_hidden":0,"_bbp_reply_count_hidden":0,"_bbp_forum_subforum_count":0,"footnotes":""},"categories":[114,62,76,69,4,30],"tags":[],"class_list":["post-23261","post","type-post","status-publish","format-standard","hentry","category-erasmus","category-escola-plurilingue-gep","category-etwinning-projects","category-noves-tecnologies","category-portada","category-projectes"],"post_mailing_queue_ids":[],"_links":{"self":[{"href":"https:\/\/agora.xtec.cat\/escola-bernatmetgeelprat\/wp-json\/wp\/v2\/posts\/23261","targetHints":{"allow":["GET"]}}],"collection":[{"href":"https:\/\/agora.xtec.cat\/escola-bernatmetgeelprat\/wp-json\/wp\/v2\/posts"}],"about":[{"href":"https:\/\/agora.xtec.cat\/escola-bernatmetgeelprat\/wp-json\/wp\/v2\/types\/post"}],"author":[{"embeddable":true,"href":"https:\/\/agora.xtec.cat\/escola-bernatmetgeelprat\/wp-json\/wp\/v2\/users\/1"}],"replies":[{"embeddable":true,"href":"https:\/\/agora.xtec.cat\/escola-bernatmetgeelprat\/wp-json\/wp\/v2\/comments?post=23261"}],"version-history":[{"count":2,"href":"https:\/\/agora.xtec.cat\/escola-bernatmetgeelprat\/wp-json\/wp\/v2\/posts\/23261\/revisions"}],"predecessor-version":[{"id":23266,"href":"https:\/\/agora.xtec.cat\/escola-bernatmetgeelprat\/wp-json\/wp\/v2\/posts\/23261\/revisions\/23266"}],"wp:attachment":[{"href":"https:\/\/agora.xtec.cat\/escola-bernatmetgeelprat\/wp-json\/wp\/v2\/media?parent=23261"}],"wp:term":[{"taxonomy":"category","embeddable":true,"href":"https:\/\/agora.xtec.cat\/escola-bernatmetgeelprat\/wp-json\/wp\/v2\/categories?post=23261"},{"taxonomy":"post_tag","embeddable":true,"href":"https:\/\/agora.xtec.cat\/escola-bernatmetgeelprat\/wp-json\/wp\/v2\/tags?post=23261"}],"curies":[{"name":"wp","href":"https:\/\/api.w.org\/{rel}","templated":true}]}}