{"id":23200,"date":"2022-07-03T16:20:30","date_gmt":"2022-07-03T14:20:30","guid":{"rendered":"https:\/\/agora.xtec.cat\/escola-bernatmetgeelprat\/?p=23200"},"modified":"2022-11-03T16:27:23","modified_gmt":"2022-11-03T15:27:23","slug":"formacio-families-us-de-les-pantalles-proa","status":"publish","type":"post","link":"https:\/\/agora.xtec.cat\/escola-bernatmetgeelprat\/general\/formacio-families-us-de-les-pantalles-proa\/","title":{"rendered":"Formaci\u00f3 fam\u00edlies \u00das de les pantalles PROA+"},"content":{"rendered":"<p>El passat 14 de juny es va realitzar al m\u00f2dul de la nostra escola la formaci\u00f3 per a fam\u00edlies \u201cL\u2019\u00fas de les pantalles a la inf\u00e0ncia i adolesc\u00e8ncia: signes d\u2019alerta i consells per a un \u00fas saludable\u201d.<\/p>\n<p>La formaci\u00f3 la va realitzar la Dominica <span style=\"font-family: arial, sans-serif;\">D\u00edez Marcet d<\/span>octora en\u00a0Psicologia. Psic\u00f2loga Cl\u00ednica responsable de la Unitat d\u2019Addiccions Comportamentals d\u2019Althaia, Xarxa Assistencial Universit\u00e0ria de Manresa.<\/p>\n<p><span style=\"font-family: arial, sans-serif;\">En aquesta formaci\u00f3 es va parlar <\/span>sobre els efectes de l&#8217;<span class=\"il\">\u00fas<\/span>\u00a0de\u00a0<span class=\"il\">pantalles<\/span> a la inf\u00e0ncia i pre-adolesc\u00e8ncia. De la mateixa manera es van comentar estudis espec\u00edfics sobre el tema, signes d&#8217;alerta i consells per a poder orientar a les fam\u00edlies sobre quin \u00e9s l&#8217;<span class=\"il\">\u00fas<\/span>\u00a0adequat en aquestes edats.<\/p>\n<p>Moltes gr\u00e0cies per la vostra participaci\u00f3!<\/p>\n<p><a href=\"https:\/\/agora.xtec.cat\/escola-bernatmetgeelprat\/wp-content\/uploads\/usu186\/2022\/11\/IMG_20220614_172101-scaled.jpg\"><img loading=\"lazy\" decoding=\"async\" class=\"aligncenter size-full wp-image-23201\" src=\"https:\/\/agora.xtec.cat\/escola-bernatmetgeelprat\/wp-content\/uploads\/usu186\/2022\/11\/IMG_20220614_172101-scaled.jpg\" alt=\"\" width=\"2560\" height=\"1920\" srcset=\"https:\/\/agora.xtec.cat\/escola-bernatmetgeelprat\/wp-content\/uploads\/usu186\/2022\/11\/IMG_20220614_172101-scaled.jpg 2560w, https:\/\/agora.xtec.cat\/escola-bernatmetgeelprat\/wp-content\/uploads\/usu186\/2022\/11\/IMG_20220614_172101-300x225.jpg 300w, https:\/\/agora.xtec.cat\/escola-bernatmetgeelprat\/wp-content\/uploads\/usu186\/2022\/11\/IMG_20220614_172101-1024x768.jpg 1024w, https:\/\/agora.xtec.cat\/escola-bernatmetgeelprat\/wp-content\/uploads\/usu186\/2022\/11\/IMG_20220614_172101-768x576.jpg 768w, https:\/\/agora.xtec.cat\/escola-bernatmetgeelprat\/wp-content\/uploads\/usu186\/2022\/11\/IMG_20220614_172101-1536x1152.jpg 1536w, https:\/\/agora.xtec.cat\/escola-bernatmetgeelprat\/wp-content\/uploads\/usu186\/2022\/11\/IMG_20220614_172101-2048x1536.jpg 2048w, https:\/\/agora.xtec.cat\/escola-bernatmetgeelprat\/wp-content\/uploads\/usu186\/2022\/11\/IMG_20220614_172101-200x150.jpg 200w\" sizes=\"auto, (max-width: 2560px) 100vw, 2560px\" \/><\/a><\/p>\n<p><a href=\"https:\/\/agora.xtec.cat\/escola-bernatmetgeelprat\/wp-content\/uploads\/usu186\/2022\/07\/proa.png\"><img loading=\"lazy\" decoding=\"async\" class=\"aligncenter size-full wp-image-22969\" src=\"https:\/\/agora.xtec.cat\/escola-bernatmetgeelprat\/wp-content\/uploads\/usu186\/2022\/07\/proa.png\" alt=\"\" width=\"1031\" height=\"108\" srcset=\"https:\/\/agora.xtec.cat\/escola-bernatmetgeelprat\/wp-content\/uploads\/usu186\/2022\/07\/proa.png 1031w, https:\/\/agora.xtec.cat\/escola-bernatmetgeelprat\/wp-content\/uploads\/usu186\/2022\/07\/proa-300x31.png 300w, https:\/\/agora.xtec.cat\/escola-bernatmetgeelprat\/wp-content\/uploads\/usu186\/2022\/07\/proa-1024x107.png 1024w, https:\/\/agora.xtec.cat\/escola-bernatmetgeelprat\/wp-content\/uploads\/usu186\/2022\/07\/proa-768x80.png 768w\" sizes=\"auto, (max-width: 1031px) 100vw, 1031px\" \/><\/a><\/p>\n","protected":false},"excerpt":{"rendered":"<p>El passat 14 de juny es va realitzar al m\u00f2dul de la nostra escola la formaci\u00f3 per a fam\u00edlies \u201cL\u2019\u00fas de les pantalles a la inf\u00e0ncia i adolesc\u00e8ncia: signes d\u2019alerta i consells per a un \u00fas saludable\u201d.<br \/>\nLa formaci\u00f3 la va realitzar la Dominica D\u00edez Marcet&hellip;  <a href=\"https:\/\/agora.xtec.cat\/escola-bernatmetgeelprat\/general\/formacio-families-us-de-les-pantalles-proa\/\" title=\"Read Formaci\u00f3 fam\u00edlies \u00das de les pantalles PROA+\">Llegeix m\u00e9s\u00bb<\/a><\/p>\n","protected":false},"author":1,"featured_media":0,"comment_status":"open","ping_status":"closed","sticky":false,"template":"","format":"standard","meta":{"_bbp_topic_count":0,"_bbp_reply_count":0,"_bbp_total_topic_count":0,"_bbp_total_reply_count":0,"_bbp_voice_count":0,"_bbp_anonymous_reply_count":0,"_bbp_topic_count_hidden":0,"_bbp_reply_count_hidden":0,"_bbp_forum_subforum_count":0,"footnotes":""},"categories":[1,77,4,115,30],"tags":[],"class_list":["post-23200","post","type-post","status-publish","format-standard","hentry","category-general","category-participacio-families","category-portada","category-proa","category-projectes"],"post_mailing_queue_ids":[],"_links":{"self":[{"href":"https:\/\/agora.xtec.cat\/escola-bernatmetgeelprat\/wp-json\/wp\/v2\/posts\/23200","targetHints":{"allow":["GET"]}}],"collection":[{"href":"https:\/\/agora.xtec.cat\/escola-bernatmetgeelprat\/wp-json\/wp\/v2\/posts"}],"about":[{"href":"https:\/\/agora.xtec.cat\/escola-bernatmetgeelprat\/wp-json\/wp\/v2\/types\/post"}],"author":[{"embeddable":true,"href":"https:\/\/agora.xtec.cat\/escola-bernatmetgeelprat\/wp-json\/wp\/v2\/users\/1"}],"replies":[{"embeddable":true,"href":"https:\/\/agora.xtec.cat\/escola-bernatmetgeelprat\/wp-json\/wp\/v2\/comments?post=23200"}],"version-history":[{"count":2,"href":"https:\/\/agora.xtec.cat\/escola-bernatmetgeelprat\/wp-json\/wp\/v2\/posts\/23200\/revisions"}],"predecessor-version":[{"id":23203,"href":"https:\/\/agora.xtec.cat\/escola-bernatmetgeelprat\/wp-json\/wp\/v2\/posts\/23200\/revisions\/23203"}],"wp:attachment":[{"href":"https:\/\/agora.xtec.cat\/escola-bernatmetgeelprat\/wp-json\/wp\/v2\/media?parent=23200"}],"wp:term":[{"taxonomy":"category","embeddable":true,"href":"https:\/\/agora.xtec.cat\/escola-bernatmetgeelprat\/wp-json\/wp\/v2\/categories?post=23200"},{"taxonomy":"post_tag","embeddable":true,"href":"https:\/\/agora.xtec.cat\/escola-bernatmetgeelprat\/wp-json\/wp\/v2\/tags?post=23200"}],"curies":[{"name":"wp","href":"https:\/\/api.w.org\/{rel}","templated":true}]}}