{"id":22792,"date":"2022-05-13T11:59:28","date_gmt":"2022-05-13T09:59:28","guid":{"rendered":"https:\/\/agora.xtec.cat\/escola-bernatmetgeelprat\/?p=22792"},"modified":"2022-11-30T14:04:41","modified_gmt":"2022-11-30T13:04:41","slug":"cinque-dia-erasmus-trondheim","status":"publish","type":"post","link":"https:\/\/agora.xtec.cat\/escola-bernatmetgeelprat\/general\/cinque-dia-erasmus-trondheim\/","title":{"rendered":"Cinqu\u00e8 dia Erasmus+ Trondheim"},"content":{"rendered":"<p style=\"text-align: justify;\">Hallo!<\/p>\n<p style=\"text-align: justify;\">Avui, dijous 12, ha estat un dia diferent a l&#8217;escola. S&#8217;apropa el dia nacional de Noruega i han aprofitat per assajar les can\u00e7ons per aquest dia tan especial. A les 8.15h del mat\u00ed, els nens i les nenes de tercer han deixat jaquetes i motxilles al seu vestidor i tots plegats hem anat a l&#8217;edifici de 1r i 2n on hi ha un petit auditori. All\u00e0, els alumnes de 1r, 2n i 3r de prim\u00e0ria s&#8217;han col\u00b7locat d&#8217;una manera determinada per fer l&#8217;assaig. Les can\u00e7ons han estat molt emotives i entremig d&#8217;aquestes els alumnes feien petites representacions. Una vegada hem acabat, hem pujat a la classe per esmorzar tranquil\u00b7lament.<\/p>\n<p style=\"text-align: justify;\">Despr\u00e9s del descans, ens hem distribu\u00eft al pati d&#8217;una manera especial ja que tota l&#8217;alumnat sortia fora de l&#8217;escola per assajar la desfilada del dia nacional de Noruega. Aix\u00ed que, tots els cursos, des de primer de prim\u00e0ria fins a set\u00e8 ens hem distribu\u00eft al pati per files, i per ordre hem sortit a fer la ruta marcada. Una vegada hem arribat a l&#8217;escola, hem pujat a classe a fer uns minuts de c\u00e0lcul mental de forma oral i a dinar. Sempre destinen els primers 8 minuts per dinar en silenci i despr\u00e9s, veure not\u00edcies infantils interessants sobre el seu pa\u00eds.<\/p>\n<p style=\"text-align: justify;\">Per finalitzar, hem estat a la classe de matem\u00e0tiques de 3r B, on han pogut repassar les taules de multiplicar amb diverses activitats.<\/p>\n<p style=\"text-align: justify;\">Ha estat un dia especial i emocionant!! Dem\u00e0 ens tornem a trobar!<\/p>\n<p style=\"text-align: justify;\">Fins dem\u00e0!! Til i morgen!!<\/p>\n<p style=\"text-align: justify;\"><a href=\"https:\/\/photos.app.goo.gl\/bMeAtsTB8Ns3YVCAA\" target=\"_blank\" rel=\"noopener\"><img loading=\"lazy\" decoding=\"async\" class=\"aligncenter size-full wp-image-22793\" src=\"https:\/\/agora.xtec.cat\/escola-bernatmetgeelprat\/wp-content\/uploads\/usu186\/2022\/05\/IMG_20220512_103152-scaled.jpg\" alt=\"\" width=\"2560\" height=\"1920\" srcset=\"https:\/\/agora.xtec.cat\/escola-bernatmetgeelprat\/wp-content\/uploads\/usu186\/2022\/05\/IMG_20220512_103152-scaled.jpg 2560w, https:\/\/agora.xtec.cat\/escola-bernatmetgeelprat\/wp-content\/uploads\/usu186\/2022\/05\/IMG_20220512_103152-300x225.jpg 300w, https:\/\/agora.xtec.cat\/escola-bernatmetgeelprat\/wp-content\/uploads\/usu186\/2022\/05\/IMG_20220512_103152-1024x768.jpg 1024w, https:\/\/agora.xtec.cat\/escola-bernatmetgeelprat\/wp-content\/uploads\/usu186\/2022\/05\/IMG_20220512_103152-768x576.jpg 768w, https:\/\/agora.xtec.cat\/escola-bernatmetgeelprat\/wp-content\/uploads\/usu186\/2022\/05\/IMG_20220512_103152-1536x1152.jpg 1536w, https:\/\/agora.xtec.cat\/escola-bernatmetgeelprat\/wp-content\/uploads\/usu186\/2022\/05\/IMG_20220512_103152-2048x1536.jpg 2048w, https:\/\/agora.xtec.cat\/escola-bernatmetgeelprat\/wp-content\/uploads\/usu186\/2022\/05\/IMG_20220512_103152-200x150.jpg 200w\" sizes=\"auto, (max-width: 2560px) 100vw, 2560px\" \/><\/a><\/p>\n<p>Clicant a la imatge podreu accedir a l\u2019\u00e0lbum de fotografies.<\/p>\n<p style=\"text-align: justify;\">El proyecto \u201cTechnology that helps everyone to learn\u201d est\u00e1 cofinanciado por el programa Erasmus+ de la Uni\u00f3n Europea. El contenido de esta publicaci\u00f3n es responsabilidad exclusiva de la Escuela Bernat Metge y ni la Comisi\u00f3n Europea, ni el Servicio Espa\u00f1ol para la Internacionalizaci\u00f3n de la Educaci\u00f3n (SEPIE) son responsables del uso que pueda hacerse de la informaci\u00f3n aqu\u00ed difundida.<\/p>\n<p><a href=\"https:\/\/agora.xtec.cat\/escola-bernatmetgeelprat\/wp-content\/uploads\/usu186\/2022\/11\/es_cofinanciado_por_la_union_europea_pos.png\"><img loading=\"lazy\" decoding=\"async\" class=\"aligncenter wp-image-23230 size-large\" src=\"https:\/\/agora.xtec.cat\/escola-bernatmetgeelprat\/wp-content\/uploads\/usu186\/2022\/11\/es_cofinanciado_por_la_union_europea_pos-1024x215.png\" sizes=\"auto, (max-width: 1024px) 100vw, 1024px\" srcset=\"https:\/\/agora.xtec.cat\/escola-bernatmetgeelprat\/wp-content\/uploads\/usu186\/2022\/11\/es_cofinanciado_por_la_union_europea_pos-1024x215.png 1024w, https:\/\/agora.xtec.cat\/escola-bernatmetgeelprat\/wp-content\/uploads\/usu186\/2022\/11\/es_cofinanciado_por_la_union_europea_pos-300x63.png 300w, https:\/\/agora.xtec.cat\/escola-bernatmetgeelprat\/wp-content\/uploads\/usu186\/2022\/11\/es_cofinanciado_por_la_union_europea_pos-768x161.png 768w, https:\/\/agora.xtec.cat\/escola-bernatmetgeelprat\/wp-content\/uploads\/usu186\/2022\/11\/es_cofinanciado_por_la_union_europea_pos-1536x322.png 1536w, https:\/\/agora.xtec.cat\/escola-bernatmetgeelprat\/wp-content\/uploads\/usu186\/2022\/11\/es_cofinanciado_por_la_union_europea_pos-2048x429.png 2048w\" alt=\"\" width=\"1024\" height=\"215\" \/><\/a><\/p>\n","protected":false},"excerpt":{"rendered":"<p>Hallo!<br \/>\nAvui, dijous 12, ha estat un dia diferent a l&#8217;escola. S&#8217;apropa el dia nacional de Noruega i han aprofitat per assajar les can\u00e7ons per aquest dia tan especial. A les 8.15h del mat\u00ed, els nens i les nenes de tercer han deixat jaquetes i motxilles&hellip;  <a href=\"https:\/\/agora.xtec.cat\/escola-bernatmetgeelprat\/general\/cinque-dia-erasmus-trondheim\/\" title=\"Read Cinqu\u00e8 dia Erasmus+ Trondheim\">Llegeix m\u00e9s\u00bb<\/a><\/p>\n","protected":false},"author":1,"featured_media":0,"comment_status":"open","ping_status":"closed","sticky":false,"template":"","format":"standard","meta":{"_bbp_topic_count":0,"_bbp_reply_count":0,"_bbp_total_topic_count":0,"_bbp_total_reply_count":0,"_bbp_voice_count":0,"_bbp_anonymous_reply_count":0,"_bbp_topic_count_hidden":0,"_bbp_reply_count_hidden":0,"_bbp_forum_subforum_count":0,"footnotes":""},"categories":[114,62,1,4,30],"tags":[],"class_list":["post-22792","post","type-post","status-publish","format-standard","hentry","category-erasmus","category-escola-plurilingue-gep","category-general","category-portada","category-projectes"],"post_mailing_queue_ids":[],"_links":{"self":[{"href":"https:\/\/agora.xtec.cat\/escola-bernatmetgeelprat\/wp-json\/wp\/v2\/posts\/22792","targetHints":{"allow":["GET"]}}],"collection":[{"href":"https:\/\/agora.xtec.cat\/escola-bernatmetgeelprat\/wp-json\/wp\/v2\/posts"}],"about":[{"href":"https:\/\/agora.xtec.cat\/escola-bernatmetgeelprat\/wp-json\/wp\/v2\/types\/post"}],"author":[{"embeddable":true,"href":"https:\/\/agora.xtec.cat\/escola-bernatmetgeelprat\/wp-json\/wp\/v2\/users\/1"}],"replies":[{"embeddable":true,"href":"https:\/\/agora.xtec.cat\/escola-bernatmetgeelprat\/wp-json\/wp\/v2\/comments?post=22792"}],"version-history":[{"count":3,"href":"https:\/\/agora.xtec.cat\/escola-bernatmetgeelprat\/wp-json\/wp\/v2\/posts\/22792\/revisions"}],"predecessor-version":[{"id":23234,"href":"https:\/\/agora.xtec.cat\/escola-bernatmetgeelprat\/wp-json\/wp\/v2\/posts\/22792\/revisions\/23234"}],"wp:attachment":[{"href":"https:\/\/agora.xtec.cat\/escola-bernatmetgeelprat\/wp-json\/wp\/v2\/media?parent=22792"}],"wp:term":[{"taxonomy":"category","embeddable":true,"href":"https:\/\/agora.xtec.cat\/escola-bernatmetgeelprat\/wp-json\/wp\/v2\/categories?post=22792"},{"taxonomy":"post_tag","embeddable":true,"href":"https:\/\/agora.xtec.cat\/escola-bernatmetgeelprat\/wp-json\/wp\/v2\/tags?post=22792"}],"curies":[{"name":"wp","href":"https:\/\/api.w.org\/{rel}","templated":true}]}}