{"id":22763,"date":"2022-05-11T14:16:01","date_gmt":"2022-05-11T12:16:01","guid":{"rendered":"https:\/\/agora.xtec.cat\/escola-bernatmetgeelprat\/?p=22763"},"modified":"2022-11-30T14:06:35","modified_gmt":"2022-11-30T13:06:35","slug":"tercer-dia-erasmus-trondheim","status":"publish","type":"post","link":"https:\/\/agora.xtec.cat\/escola-bernatmetgeelprat\/general\/tercer-dia-erasmus-trondheim\/","title":{"rendered":"Tercer dia Erasmus+ Trondheim"},"content":{"rendered":"<div>\n<div>\n<p style=\"text-align: justify;\">God morgen!<\/p>\n<p style=\"text-align: justify;\">Tercer dia a Trondheim i com cada dia des que vam aterrat ha sigut un dia molt interessant.<\/p>\n<p style=\"text-align: justify;\">En arribar a l\u2019escola ens hem reunit amb el claustre on hem pogut con\u00e8ixer a tots els mestres (m\u00e9s o menys uns 60!!) i una vegada finalitzada la reuni\u00f3 ens hem trobat amb tots els alumnes de 3r que s\u2019han preparat per entrar a l\u2019aula traient-se les jaquetes i les sabates.<\/p>\n<p style=\"text-align: justify;\">Avui hem estat a les tres classes de tercer i hem pogut veure com aprenen angl\u00e8s, m\u00fasica i matem\u00e0tiques.<\/p>\n<p style=\"text-align: justify;\">A primera hora, a la classe d\u2019angl\u00e8s, hem fet grups interactius. Tots els nens i les nenes s\u2019han mostrat molt motivats i participatius!<\/p>\n<p style=\"text-align: justify;\">Despr\u00e9s, hem continuat amb m\u00fasica on han finalitzat una can\u00e7\u00f3 de rap que estaven fent. Aquest projecte el van comen\u00e7ar el darrer dia amb la composici\u00f3 de la lletra i del ritme emprant l\u2019app \u201cGarage Band\u201d.\u00a0Van gravar les seves veus i, avui, nom\u00e9s han fet petits canvis. Una vegada finalitzada la can\u00e7\u00f3,\u00a0l\u2019han presentat davant dels seus companys i companyes.<\/p>\n<p style=\"text-align: justify;\">Per acabar, hem estat a la classe de matem\u00e0tiques. Primer han repassat les taules de multiplicar amb unes can\u00e7ons molt divertides. Despr\u00e9s han fet uns exercicis al quadern de treball i a la tablet.\u00a0 Abans de tornar a casa, han fet unes din\u00e0miques de grup i jocs.<\/p>\n<p style=\"text-align: justify;\">Despr\u00e9s, ens hem reunit amb la nostra referent amb qui hem compartit les nostres impressions del dia.<\/p>\n<p style=\"text-align: justify;\">Anem omplint la nostra maleta d\u2019experi\u00e8ncies i coneixements, per\u00f2 de segur que dem\u00e0 descobrirem noves coses! Us anirem informant!<\/p>\n<p style=\"text-align: justify;\">Ad\u00e9u!\u00a0Ha det!!!<\/p>\n<\/div>\n<div><\/div>\n<\/div>\n<div><a href=\"https:\/\/photos.app.goo.gl\/No3efcWGAnb7qBZ7A\" target=\"_blank\" rel=\"noopener\"><img loading=\"lazy\" decoding=\"async\" class=\"aligncenter size-full wp-image-22764\" src=\"https:\/\/agora.xtec.cat\/escola-bernatmetgeelprat\/wp-content\/uploads\/usu186\/2022\/05\/IMG_20220510_111447-scaled.jpg\" alt=\"\" width=\"2560\" height=\"1920\" srcset=\"https:\/\/agora.xtec.cat\/escola-bernatmetgeelprat\/wp-content\/uploads\/usu186\/2022\/05\/IMG_20220510_111447-scaled.jpg 2560w, https:\/\/agora.xtec.cat\/escola-bernatmetgeelprat\/wp-content\/uploads\/usu186\/2022\/05\/IMG_20220510_111447-300x225.jpg 300w, https:\/\/agora.xtec.cat\/escola-bernatmetgeelprat\/wp-content\/uploads\/usu186\/2022\/05\/IMG_20220510_111447-1024x768.jpg 1024w, https:\/\/agora.xtec.cat\/escola-bernatmetgeelprat\/wp-content\/uploads\/usu186\/2022\/05\/IMG_20220510_111447-768x576.jpg 768w, https:\/\/agora.xtec.cat\/escola-bernatmetgeelprat\/wp-content\/uploads\/usu186\/2022\/05\/IMG_20220510_111447-1536x1152.jpg 1536w, https:\/\/agora.xtec.cat\/escola-bernatmetgeelprat\/wp-content\/uploads\/usu186\/2022\/05\/IMG_20220510_111447-2048x1536.jpg 2048w, https:\/\/agora.xtec.cat\/escola-bernatmetgeelprat\/wp-content\/uploads\/usu186\/2022\/05\/IMG_20220510_111447-200x150.jpg 200w\" sizes=\"auto, (max-width: 2560px) 100vw, 2560px\" \/><\/a><\/div>\n<div><\/div>\n<div><\/div>\n<p>Clicant a la imatge podreu accedir a l\u2019\u00e0lbum de fotografies.<\/p>\n<p style=\"text-align: justify;\">El proyecto \u201cTechnology that helps everyone to learn\u201d est\u00e1 cofinanciado por el programa Erasmus+ de la Uni\u00f3n Europea. El contenido de esta publicaci\u00f3n es responsabilidad exclusiva de la Escuela Bernat Metge y ni la Comisi\u00f3n Europea, ni el Servicio Espa\u00f1ol para la Internacionalizaci\u00f3n de la Educaci\u00f3n (SEPIE) son responsables del uso que pueda hacerse de la informaci\u00f3n aqu\u00ed difundida.<\/p>\n<p><a href=\"https:\/\/agora.xtec.cat\/escola-bernatmetgeelprat\/wp-content\/uploads\/usu186\/2022\/11\/es_cofinanciado_por_la_union_europea_pos.png\"><img loading=\"lazy\" decoding=\"async\" class=\"aligncenter wp-image-23230 size-large\" src=\"https:\/\/agora.xtec.cat\/escola-bernatmetgeelprat\/wp-content\/uploads\/usu186\/2022\/11\/es_cofinanciado_por_la_union_europea_pos-1024x215.png\" sizes=\"auto, (max-width: 1024px) 100vw, 1024px\" srcset=\"https:\/\/agora.xtec.cat\/escola-bernatmetgeelprat\/wp-content\/uploads\/usu186\/2022\/11\/es_cofinanciado_por_la_union_europea_pos-1024x215.png 1024w, https:\/\/agora.xtec.cat\/escola-bernatmetgeelprat\/wp-content\/uploads\/usu186\/2022\/11\/es_cofinanciado_por_la_union_europea_pos-300x63.png 300w, https:\/\/agora.xtec.cat\/escola-bernatmetgeelprat\/wp-content\/uploads\/usu186\/2022\/11\/es_cofinanciado_por_la_union_europea_pos-768x161.png 768w, https:\/\/agora.xtec.cat\/escola-bernatmetgeelprat\/wp-content\/uploads\/usu186\/2022\/11\/es_cofinanciado_por_la_union_europea_pos-1536x322.png 1536w, https:\/\/agora.xtec.cat\/escola-bernatmetgeelprat\/wp-content\/uploads\/usu186\/2022\/11\/es_cofinanciado_por_la_union_europea_pos-2048x429.png 2048w\" alt=\"\" width=\"1024\" height=\"215\" \/><\/a><\/p>\n","protected":false},"excerpt":{"rendered":"<p>God morgen!<br \/>\nTercer dia a Trondheim i com cada dia des que vam aterrat ha sigut un dia molt interessant.<br \/>\nEn arribar a l\u2019escola ens hem reunit amb el claustre on hem pogut con\u00e8ixer a tots els mestres (m\u00e9s o menys uns 60!!) i una vegada finalitzada&hellip;  <a href=\"https:\/\/agora.xtec.cat\/escola-bernatmetgeelprat\/general\/tercer-dia-erasmus-trondheim\/\" title=\"Read Tercer dia Erasmus+ Trondheim\">Llegeix m\u00e9s\u00bb<\/a><\/p>\n","protected":false},"author":1,"featured_media":0,"comment_status":"open","ping_status":"closed","sticky":false,"template":"","format":"standard","meta":{"_bbp_topic_count":0,"_bbp_reply_count":0,"_bbp_total_topic_count":0,"_bbp_total_reply_count":0,"_bbp_voice_count":0,"_bbp_anonymous_reply_count":0,"_bbp_topic_count_hidden":0,"_bbp_reply_count_hidden":0,"_bbp_forum_subforum_count":0,"footnotes":""},"categories":[114,62,1,4],"tags":[],"class_list":["post-22763","post","type-post","status-publish","format-standard","hentry","category-erasmus","category-escola-plurilingue-gep","category-general","category-portada"],"post_mailing_queue_ids":[],"_links":{"self":[{"href":"https:\/\/agora.xtec.cat\/escola-bernatmetgeelprat\/wp-json\/wp\/v2\/posts\/22763","targetHints":{"allow":["GET"]}}],"collection":[{"href":"https:\/\/agora.xtec.cat\/escola-bernatmetgeelprat\/wp-json\/wp\/v2\/posts"}],"about":[{"href":"https:\/\/agora.xtec.cat\/escola-bernatmetgeelprat\/wp-json\/wp\/v2\/types\/post"}],"author":[{"embeddable":true,"href":"https:\/\/agora.xtec.cat\/escola-bernatmetgeelprat\/wp-json\/wp\/v2\/users\/1"}],"replies":[{"embeddable":true,"href":"https:\/\/agora.xtec.cat\/escola-bernatmetgeelprat\/wp-json\/wp\/v2\/comments?post=22763"}],"version-history":[{"count":4,"href":"https:\/\/agora.xtec.cat\/escola-bernatmetgeelprat\/wp-json\/wp\/v2\/posts\/22763\/revisions"}],"predecessor-version":[{"id":23237,"href":"https:\/\/agora.xtec.cat\/escola-bernatmetgeelprat\/wp-json\/wp\/v2\/posts\/22763\/revisions\/23237"}],"wp:attachment":[{"href":"https:\/\/agora.xtec.cat\/escola-bernatmetgeelprat\/wp-json\/wp\/v2\/media?parent=22763"}],"wp:term":[{"taxonomy":"category","embeddable":true,"href":"https:\/\/agora.xtec.cat\/escola-bernatmetgeelprat\/wp-json\/wp\/v2\/categories?post=22763"},{"taxonomy":"post_tag","embeddable":true,"href":"https:\/\/agora.xtec.cat\/escola-bernatmetgeelprat\/wp-json\/wp\/v2\/tags?post=22763"}],"curies":[{"name":"wp","href":"https:\/\/api.w.org\/{rel}","templated":true}]}}