{"id":22675,"date":"2022-04-26T10:53:30","date_gmt":"2022-04-26T08:53:30","guid":{"rendered":"https:\/\/agora.xtec.cat\/escola-bernatmetgeelprat\/?p=22675"},"modified":"2022-04-26T10:54:55","modified_gmt":"2022-04-26T08:54:55","slug":"ajuts-de-menjador-curs-2022-2023","status":"publish","type":"post","link":"https:\/\/agora.xtec.cat\/escola-bernatmetgeelprat\/general\/ajuts-de-menjador-curs-2022-2023\/","title":{"rendered":"Ajuts de menjador curs 2022-2023"},"content":{"rendered":"<p style=\"text-align: justify;\">Us compartim la\u00a0 p\u00e0gina web on es far\u00e0 la demanda de beca de menjador de forma telem\u00e0tica. A m\u00e9s en aquest mateix enlla\u00e7 trobareu tota la informaci\u00f3 referent als ajuts de menjador:<\/p>\n<p style=\"text-align: justify;\"><a href=\"https:\/\/www.elbaixllobregat.cat\/ajuts-menjador-2022-2023\" target=\"_blank\" rel=\"noopener\" data-saferedirecturl=\"https:\/\/www.google.com\/url?q=https:\/\/www.elbaixllobregat.cat\/ajuts-menjador-2022-2023&amp;source=gmail&amp;ust=1651047974570000&amp;usg=AOvVaw0pgoj9eHD9U04t-R706jNR\">https:\/\/www.elbaixllobregat.<wbr \/>cat\/ajuts-menjador-2022-2023<\/a><\/p>\n<p style=\"text-align: justify;\">Aquest any el termini per demanar la beca d&#8217;ajuts de menjador pel curs 2022-2023 ser\u00e0 del <strong>2 de maig al 16 de maig.<\/strong><\/p>\n<p style=\"text-align: justify;\">Tamb\u00e9 us fem arribar com a documents adjunts les bases de la convocat\u00f2ria, una guia per fer la sol\u00b7licitud (en catal\u00e0 i en castell\u00e0) i un document amb preguntes freq\u00fcents (en catal\u00e0 i castell\u00e0).<\/p>\n<p style=\"text-align: justify;\"><a href=\"https:\/\/agora.xtec.cat\/escola-bernatmetgeelprat\/wp-content\/uploads\/usu186\/2022\/04\/BASES-AIM-2022-2023.pdf\">BASES AIM 2022-2023<\/a><\/p>\n<p style=\"text-align: justify;\"><a href=\"https:\/\/agora.xtec.cat\/escola-bernatmetgeelprat\/wp-content\/uploads\/usu186\/2022\/04\/vertical-CAT_GUIA-PER-A-COMPLIMENTAR-LA-SOL\u00b7LICITUD-DE-MENJADOR-ESCOLAR-2022-2023.pdf\">vertical CAT_GUIA PER A COMPLIMENTAR LA SOL\u00b7LICITUD DE MENJADOR ESCOLAR 2022-2023<\/a><\/p>\n<p style=\"text-align: justify;\"><a href=\"https:\/\/agora.xtec.cat\/escola-bernatmetgeelprat\/wp-content\/uploads\/usu186\/2022\/04\/Vertical_CAST_GUIA-PER-A-COMPLIMENTAR-LA-SOL\u00b7LICITUD-DE-MENJADOR-ESCOLAR-2022-2023.pdf\">Vertical_CAST_GUIA PER A COMPLIMENTAR LA SOL\u00b7LICITUD DE MENJADOR ESCOLAR 2022-2023<\/a><\/p>\n<p style=\"text-align: justify;\"><a href=\"https:\/\/agora.xtec.cat\/escola-bernatmetgeelprat\/wp-content\/uploads\/usu186\/2022\/04\/CAT_PREGUNTES-FREQUENTS.pdf\">CAT_PREGUNTES FREQ\u00dcENTS<\/a><\/p>\n<p style=\"text-align: justify;\"><a href=\"https:\/\/agora.xtec.cat\/escola-bernatmetgeelprat\/wp-content\/uploads\/usu186\/2022\/04\/CAST_PREGUNTAS-FRCUENTES.pdf\">CAST_PREGUNTAS FRCUENTES<\/a><\/p>\n<p style=\"text-align: justify;\">Si teniu algun dubte podeu escriure al correu de l&#8217;escola a8040333@xtec.cat o trucar als tel\u00e8fons habituals.<\/p>\n<p style=\"text-align: justify;\"><a href=\"https:\/\/agora.xtec.cat\/escola-bernatmetgeelprat\/wp-content\/uploads\/usu186\/2022\/04\/descarga.png\"><img loading=\"lazy\" decoding=\"async\" class=\"aligncenter size-full wp-image-22676\" src=\"https:\/\/agora.xtec.cat\/escola-bernatmetgeelprat\/wp-content\/uploads\/usu186\/2022\/04\/descarga.png\" alt=\"\" width=\"360\" height=\"140\" srcset=\"https:\/\/agora.xtec.cat\/escola-bernatmetgeelprat\/wp-content\/uploads\/usu186\/2022\/04\/descarga.png 360w, https:\/\/agora.xtec.cat\/escola-bernatmetgeelprat\/wp-content\/uploads\/usu186\/2022\/04\/descarga-300x117.png 300w\" sizes=\"auto, (max-width: 360px) 100vw, 360px\" \/><\/a><\/p>\n","protected":false},"excerpt":{"rendered":"<p>Us compartim la\u00a0 p\u00e0gina web on es far\u00e0 la demanda de beca de menjador de forma telem\u00e0tica. A m\u00e9s en aquest mateix enlla\u00e7 trobareu tota la informaci\u00f3 referent als ajuts de menjador:<br \/>\n<a href=\"https:\/\/www.elbaixllobregat.cat\/ajuts-menjador-2022-2023\" target=\"_blank\" rel=\"noopener\" data-saferedirecturl=\"https:\/\/www.google.com\/url?q=https:\/\/www.elbaixllobregat.cat\/ajuts-menjador-2022-2023&amp;source=gmail&amp;ust=1651047974570000&amp;usg=AOvVaw0pgoj9eHD9U04t-R706jNR\">https:\/\/www.elbaixllobregat.cat\/ajuts-menjador-2022-2023<\/a><br \/>\nAquest any el termini per demanar la beca d&#8217;ajuts de&hellip;  <a href=\"https:\/\/agora.xtec.cat\/escola-bernatmetgeelprat\/general\/ajuts-de-menjador-curs-2022-2023\/\" title=\"Read Ajuts de menjador curs 2022-2023\">Llegeix m\u00e9s\u00bb<\/a><\/p>\n","protected":false},"author":1,"featured_media":0,"comment_status":"open","ping_status":"closed","sticky":false,"template":"","format":"standard","meta":{"_bbp_topic_count":0,"_bbp_reply_count":0,"_bbp_total_topic_count":0,"_bbp_total_reply_count":0,"_bbp_voice_count":0,"_bbp_anonymous_reply_count":0,"_bbp_topic_count_hidden":0,"_bbp_reply_count_hidden":0,"_bbp_forum_subforum_count":0,"footnotes":""},"categories":[1,4],"tags":[],"class_list":["post-22675","post","type-post","status-publish","format-standard","hentry","category-general","category-portada"],"post_mailing_queue_ids":[],"_links":{"self":[{"href":"https:\/\/agora.xtec.cat\/escola-bernatmetgeelprat\/wp-json\/wp\/v2\/posts\/22675","targetHints":{"allow":["GET"]}}],"collection":[{"href":"https:\/\/agora.xtec.cat\/escola-bernatmetgeelprat\/wp-json\/wp\/v2\/posts"}],"about":[{"href":"https:\/\/agora.xtec.cat\/escola-bernatmetgeelprat\/wp-json\/wp\/v2\/types\/post"}],"author":[{"embeddable":true,"href":"https:\/\/agora.xtec.cat\/escola-bernatmetgeelprat\/wp-json\/wp\/v2\/users\/1"}],"replies":[{"embeddable":true,"href":"https:\/\/agora.xtec.cat\/escola-bernatmetgeelprat\/wp-json\/wp\/v2\/comments?post=22675"}],"version-history":[{"count":2,"href":"https:\/\/agora.xtec.cat\/escola-bernatmetgeelprat\/wp-json\/wp\/v2\/posts\/22675\/revisions"}],"predecessor-version":[{"id":22683,"href":"https:\/\/agora.xtec.cat\/escola-bernatmetgeelprat\/wp-json\/wp\/v2\/posts\/22675\/revisions\/22683"}],"wp:attachment":[{"href":"https:\/\/agora.xtec.cat\/escola-bernatmetgeelprat\/wp-json\/wp\/v2\/media?parent=22675"}],"wp:term":[{"taxonomy":"category","embeddable":true,"href":"https:\/\/agora.xtec.cat\/escola-bernatmetgeelprat\/wp-json\/wp\/v2\/categories?post=22675"},{"taxonomy":"post_tag","embeddable":true,"href":"https:\/\/agora.xtec.cat\/escola-bernatmetgeelprat\/wp-json\/wp\/v2\/tags?post=22675"}],"curies":[{"name":"wp","href":"https:\/\/api.w.org\/{rel}","templated":true}]}}