{"id":22532,"date":"2022-04-03T10:08:26","date_gmt":"2022-04-03T08:08:26","guid":{"rendered":"https:\/\/agora.xtec.cat\/escola-bernatmetgeelprat\/?p=22532"},"modified":"2022-04-03T10:08:57","modified_gmt":"2022-04-03T08:08:57","slug":"ei5-pintem-amb-canyetes-de-carto","status":"publish","type":"post","link":"https:\/\/agora.xtec.cat\/escola-bernatmetgeelprat\/general\/ei5-pintem-amb-canyetes-de-carto\/","title":{"rendered":"EI5 Pintem amb canyetes de cart\u00f3"},"content":{"rendered":"<p style=\"text-align: justify;\">Durant aquest segon trimestre un dels ambients ha sigut el de l&#8217;art. En aquest ambient els infants han experimentat diferents maneres de pintar, aix\u00ed a m\u00e9s del pinzell han utilitzat altres elements per fer les seves creacions.<\/p>\n<p style=\"text-align: justify;\">En unes d&#8217;aquestes sessions, les mestres van oferir unes canyetes de cart\u00f3 per reproduir un arbre primaveral. Els nens i les nenes van gaudir molt fent estampar la pintura amb les canyetes, creant un arbre de diferents colors.<\/p>\n<p><a href=\"https:\/\/photos.app.goo.gl\/E86YSEj2bxU9Mvdy6\" target=\"_blank\" rel=\"noopener\"><img loading=\"lazy\" decoding=\"async\" class=\"wp-image-22533 aligncenter\" src=\"https:\/\/agora.xtec.cat\/escola-bernatmetgeelprat\/wp-content\/uploads\/usu186\/2022\/04\/1648893394456-1024x769.jpg\" alt=\"\" width=\"547\" height=\"411\" srcset=\"https:\/\/agora.xtec.cat\/escola-bernatmetgeelprat\/wp-content\/uploads\/usu186\/2022\/04\/1648893394456-1024x769.jpg 1024w, https:\/\/agora.xtec.cat\/escola-bernatmetgeelprat\/wp-content\/uploads\/usu186\/2022\/04\/1648893394456-300x225.jpg 300w, https:\/\/agora.xtec.cat\/escola-bernatmetgeelprat\/wp-content\/uploads\/usu186\/2022\/04\/1648893394456-768x577.jpg 768w, https:\/\/agora.xtec.cat\/escola-bernatmetgeelprat\/wp-content\/uploads\/usu186\/2022\/04\/1648893394456-1536x1153.jpg 1536w, https:\/\/agora.xtec.cat\/escola-bernatmetgeelprat\/wp-content\/uploads\/usu186\/2022\/04\/1648893394456-2048x1538.jpg 2048w, https:\/\/agora.xtec.cat\/escola-bernatmetgeelprat\/wp-content\/uploads\/usu186\/2022\/04\/1648893394456-200x150.jpg 200w\" sizes=\"auto, (max-width: 547px) 100vw, 547px\" \/><\/a><\/p>\n<p style=\"text-align: justify;\">Clicant a la imatge podreu accedir a l\u2019\u00e0lbum de fotografies.<\/p>\n<p style=\"text-align: justify;\">(Av\u00eds: La publicaci\u00f3 d\u2019imatges de l\u2019alumnat de l\u2019escola correspon \u00fanicament a la pr\u00f2pia escola. Per tant, \u00e9s prohibida la difusi\u00f3 o manipulaci\u00f3 en d\u2019altres espais p\u00fablics. Llei org\u00e0nica 1\/1982 de 5 de maig sobre el dret a l\u2019honor, a la pr\u00f2pia intimitat i la pr\u00f2pia imatge.)<\/p>\n","protected":false},"excerpt":{"rendered":"<p>Durant aquest segon trimestre un dels ambients ha sigut el de l&#8217;art. En aquest ambient els infants han experimentat diferents maneres de pintar, aix\u00ed a m\u00e9s del pinzell han utilitzat altres elements per fer les seves creacions.<br \/>\nEn unes d&#8217;aquestes sessions, les mestres van oferir unes&hellip;  <a href=\"https:\/\/agora.xtec.cat\/escola-bernatmetgeelprat\/general\/ei5-pintem-amb-canyetes-de-carto\/\" title=\"Read EI5 Pintem amb canyetes de cart\u00f3\">Llegeix m\u00e9s\u00bb<\/a><\/p>\n","protected":false},"author":1,"featured_media":0,"comment_status":"open","ping_status":"closed","sticky":false,"template":"","format":"standard","meta":{"_bbp_topic_count":0,"_bbp_reply_count":0,"_bbp_total_topic_count":0,"_bbp_total_reply_count":0,"_bbp_voice_count":0,"_bbp_anonymous_reply_count":0,"_bbp_topic_count_hidden":0,"_bbp_reply_count_hidden":0,"_bbp_forum_subforum_count":0,"footnotes":""},"categories":[64,1,9,2,4,30],"tags":[],"class_list":["post-22532","post","type-post","status-publish","format-standard","hentry","category-ambients","category-general","category-i5","category-infantil","category-portada","category-projectes"],"post_mailing_queue_ids":[],"_links":{"self":[{"href":"https:\/\/agora.xtec.cat\/escola-bernatmetgeelprat\/wp-json\/wp\/v2\/posts\/22532","targetHints":{"allow":["GET"]}}],"collection":[{"href":"https:\/\/agora.xtec.cat\/escola-bernatmetgeelprat\/wp-json\/wp\/v2\/posts"}],"about":[{"href":"https:\/\/agora.xtec.cat\/escola-bernatmetgeelprat\/wp-json\/wp\/v2\/types\/post"}],"author":[{"embeddable":true,"href":"https:\/\/agora.xtec.cat\/escola-bernatmetgeelprat\/wp-json\/wp\/v2\/users\/1"}],"replies":[{"embeddable":true,"href":"https:\/\/agora.xtec.cat\/escola-bernatmetgeelprat\/wp-json\/wp\/v2\/comments?post=22532"}],"version-history":[{"count":3,"href":"https:\/\/agora.xtec.cat\/escola-bernatmetgeelprat\/wp-json\/wp\/v2\/posts\/22532\/revisions"}],"predecessor-version":[{"id":22544,"href":"https:\/\/agora.xtec.cat\/escola-bernatmetgeelprat\/wp-json\/wp\/v2\/posts\/22532\/revisions\/22544"}],"wp:attachment":[{"href":"https:\/\/agora.xtec.cat\/escola-bernatmetgeelprat\/wp-json\/wp\/v2\/media?parent=22532"}],"wp:term":[{"taxonomy":"category","embeddable":true,"href":"https:\/\/agora.xtec.cat\/escola-bernatmetgeelprat\/wp-json\/wp\/v2\/categories?post=22532"},{"taxonomy":"post_tag","embeddable":true,"href":"https:\/\/agora.xtec.cat\/escola-bernatmetgeelprat\/wp-json\/wp\/v2\/tags?post=22532"}],"curies":[{"name":"wp","href":"https:\/\/api.w.org\/{rel}","templated":true}]}}